{"id":3303,"date":"2020-10-20T20:37:00","date_gmt":"2020-10-20T20:37:00","guid":{"rendered":"https:\/\/tvc16.com\/portal\/?p=3303"},"modified":"2020-10-20T20:37:00","modified_gmt":"2020-10-20T20:37:00","slug":"inscricao-para-concurso-de-boas-praticas-em-ouvidoria-vai-ate-dezembro","status":"publish","type":"post","link":"https:\/\/tvc16.com\/portal\/2020\/10\/20\/inscricao-para-concurso-de-boas-praticas-em-ouvidoria-vai-ate-dezembro\/","title":{"rendered":"Inscri\u00e7\u00e3o para concurso de boas pr\u00e1ticas em ouvidoria vai at\u00e9 dezembro"},"content":{"rendered":"\n<p>EBC participa com projetos em duas categorias<\/p>\n\n\n\n<h4 class=\"wp-block-heading\">Por Ag\u00eancia Brasil &#8211; Bras\u00edlia<\/h4>\n\n\n\n<p>Ouvidorias de todo o pa\u00eds t\u00eam at\u00e9 1\u00b0 de dezembro para inscrever projetos no IV Concurso de Boas Pr\u00e1ticas da Rede Nacional de Ouvidorias. As inscri\u00e7\u00f5es podem ser feitas por meio do envio de ficha dispon\u00edvel no&nbsp;<em>site<\/em>&nbsp;<a href=\"http:\/\/www.ouvidorias.gov.br\/\" target=\"_blank\" rel=\"noreferrer noopener\">www.ouvidorias.gov.br<\/a>&nbsp;para o&nbsp;<em>e-mai<\/em>l&nbsp;<a href=\"mailto:rede.concurso@cgu.gov.br\" target=\"_blank\" rel=\"noreferrer noopener\">rede.concurso@cgu.gov.br<\/a>.<img decoding=\"async\" src=\"https:\/\/agenciabrasil.ebc.com.br\/ebc.png?id=1391070&amp;o=node\"><img decoding=\"async\" src=\"https:\/\/agenciabrasil.ebc.com.br\/ebc.gif?id=1391070&amp;o=node\"><\/p>\n\n\n\n<p>De acordo com a Controladoria-Geral da Uni\u00e3o (CGU), a edi\u00e7\u00e3o deste ano apresenta novas categorias de modo a atender \u00e0s necessidades e mudan\u00e7as de realidade no pa\u00eds, como a vig\u00eancia da Lei Geral de Prote\u00e7\u00e3o de Dados Pessoais e o contexto atual da sa\u00fade p\u00fablica e da economia provocado pela pandemia de covid-19.<\/p>\n\n\n\n<p>Ouvidorias p\u00fablicas federais, estaduais e municipais dos tr\u00eas poderes \u2013 Executivo, Legislativo e Judici\u00e1rio \u2013 poder\u00e3o participar em quatro categorias: fomento \u00e0 participa\u00e7\u00e3o e ao controle social em tempos de pandemia; desenvolvimento de capacidade institucional; melhoria da gest\u00e3o e das entregas aos usu\u00e1rios de servi\u00e7os p\u00fablicos; e tecnologia, seguran\u00e7a da informa\u00e7\u00e3o e prote\u00e7\u00e3o de dados pessoais.<\/p>\n\n\n\n<h2 class=\"wp-block-heading\">Empresa Brasil de Comunica\u00e7\u00e3o<\/h2>\n\n\n\n<p>A ouvidoria da&nbsp;<strong>Empresa Brasil de Comunica\u00e7\u00e3<\/strong>o&nbsp;(<strong>EBC<\/strong>) vai participar do concurso este ano em duas categorias. A barra de manifesta\u00e7\u00f5es, inserida ao final dos textos na internet, concorre na categoria melhoria da gest\u00e3o e das entregas aos usu\u00e1rios de servi\u00e7os p\u00fablicos.<\/p>\n\n\n\n<p>J\u00e1 o projeto Ouvidoria Inclusiva, destinado a pessoas com defici\u00eancia auditiva, disputa a categoria tecnologia, seguran\u00e7a da informa\u00e7\u00e3o e prote\u00e7\u00e3o de dados pessoais. Por meio do n\u00famero&nbsp;<a href=\"61 99862-1971\" target=\"_blank\" rel=\"noreferrer noopener\">61 99862-1971<\/a>, a Ouvidoria recebe e responde \u2013 por whatsApp \u2013 manifesta\u00e7\u00f5es, em v\u00eddeo, na L\u00edngua Brasileira de Sinais (Libras).<\/p>\n\n\n\n<p>As tr\u00eas melhores pr\u00e1ticas de cada categoria ser\u00e3o premiadas junto com os vencedores do \u00faltimo concurso no pr\u00f3ximo Semin\u00e1rio Regional de Ouvidoria na Regi\u00e3o Norte, em Manaus, com previs\u00e3o de data de realiza\u00e7\u00e3o em mar\u00e7o de 2021, a ser confirmada devido \u00e0s condi\u00e7\u00f5es de sa\u00fade no pa\u00eds.<\/p>\n\n\n\n<p>Edi\u00e7\u00e3o: Gra\u00e7a Adjuto<\/p>\n","protected":false},"excerpt":{"rendered":"<p>EBC participa com projetos em duas categorias Por Ag\u00eancia Brasil &#8211; Bras\u00edlia Ouvidorias de todo<\/p>\n","protected":false},"author":2,"featured_media":3304,"comment_status":"open","ping_status":"open","sticky":false,"template":"","format":"standard","meta":{"footnotes":""},"categories":[17],"tags":[],"class_list":["post-3303","post","type-post","status-publish","format-standard","has-post-thumbnail","hentry","category-outras-noticias"],"_links":{"self":[{"href":"https:\/\/tvc16.com\/portal\/wp-json\/wp\/v2\/posts\/3303","targetHints":{"allow":["GET"]}}],"collection":[{"href":"https:\/\/tvc16.com\/portal\/wp-json\/wp\/v2\/posts"}],"about":[{"href":"https:\/\/tvc16.com\/portal\/wp-json\/wp\/v2\/types\/post"}],"author":[{"embeddable":true,"href":"https:\/\/tvc16.com\/portal\/wp-json\/wp\/v2\/users\/2"}],"replies":[{"embeddable":true,"href":"https:\/\/tvc16.com\/portal\/wp-json\/wp\/v2\/comments?post=3303"}],"version-history":[{"count":1,"href":"https:\/\/tvc16.com\/portal\/wp-json\/wp\/v2\/posts\/3303\/revisions"}],"predecessor-version":[{"id":3305,"href":"https:\/\/tvc16.com\/portal\/wp-json\/wp\/v2\/posts\/3303\/revisions\/3305"}],"wp:featuredmedia":[{"embeddable":true,"href":"https:\/\/tvc16.com\/portal\/wp-json\/wp\/v2\/media\/3304"}],"wp:attachment":[{"href":"https:\/\/tvc16.com\/portal\/wp-json\/wp\/v2\/media?parent=3303"}],"wp:term":[{"taxonomy":"category","embeddable":true,"href":"https:\/\/tvc16.com\/portal\/wp-json\/wp\/v2\/categories?post=3303"},{"taxonomy":"post_tag","embeddable":true,"href":"https:\/\/tvc16.com\/portal\/wp-json\/wp\/v2\/tags?post=3303"}],"curies":[{"name":"wp","href":"https:\/\/api.w.org\/{rel}","templated":true}]}}