{"id":3318,"date":"2020-10-20T20:44:06","date_gmt":"2020-10-20T20:44:06","guid":{"rendered":"https:\/\/tvc16.com\/portal\/?p=3318"},"modified":"2020-10-20T20:44:06","modified_gmt":"2020-10-20T20:44:06","slug":"mec-divulga-resultado-previo-da-avaliacao-de-livros-didaticos","status":"publish","type":"post","link":"https:\/\/tvc16.com\/portal\/2020\/10\/20\/mec-divulga-resultado-previo-da-avaliacao-de-livros-didaticos\/","title":{"rendered":"MEC divulga resultado pr\u00e9vio da avalia\u00e7\u00e3o de livros did\u00e1ticos"},"content":{"rendered":"\n<p>Em 2019, o programa distribuiu 126 milh\u00f5es de exemplares<\/p>\n\n\n\n<h4 class=\"wp-block-heading\">Por Andreia Verd\u00e9lio \u2013 Rep\u00f3rter da Ag\u00eancia Brasil &#8211; Bras\u00edlia<\/h4>\n\n\n\n<p>O Minist\u00e9rio da Educa\u00e7\u00e3o (MEC) divulgou hoje (20) o resultado pr\u00e9vio da avalia\u00e7\u00e3o pedag\u00f3gica das obras did\u00e1ticas que ser\u00e3o distribu\u00eddas ao ensino m\u00e9dio no ano que vem, no \u00e2mbito do Programa Nacional do Livro e do Material Did\u00e1tico (PNLD). A&nbsp;<a href=\"https:\/\/pesquisa.in.gov.br\/imprensa\/jsp\/visualiza\/index.jsp?data=20\/10\/2020&amp;jornal=515&amp;pagina=47\" target=\"_blank\" rel=\"noreferrer noopener\">portaria foi publicada no Di\u00e1rio Oficial da Uni\u00e3o<\/a>.<img decoding=\"async\" src=\"https:\/\/agenciabrasil.ebc.com.br\/ebc.png?id=1391090&amp;o=node\"><img decoding=\"async\" src=\"https:\/\/agenciabrasil.ebc.com.br\/ebc.gif?id=1391090&amp;o=node\"><\/p>\n\n\n\n<p>Todos os pareceres sobre as obras estar\u00e3o dispon\u00edveis amanh\u00e3 (21) na&nbsp;<a href=\"http:\/\/simec.mec.gov.br\/login.php\" target=\"_blank\" rel=\"noreferrer noopener\">p\u00e1gina do Sistema Integrado de Monitoramento, Execu\u00e7\u00e3o e Controle do Minist\u00e9rio da Educa\u00e7\u00e3o (Simec)<\/a>&nbsp;(m\u00f3dulo Livros, aba Avalia\u00e7\u00e3o). O acesso aos pareceres ser\u00e1 feito por meio do representante legal, detentor de direito autoral, j\u00e1 cadastrado no sistema no momento da inscri\u00e7\u00e3o da obra, ou por seu substituto, se for o caso.<\/p>\n\n\n\n<p>A portaria traz a lista de obras reprovadas e de obras aprovadas mas que necessitam de corre\u00e7\u00e3o em falhas pontuais. Nesse \u00faltimo caso, a obra did\u00e1tica dever\u00e1 ser reapresentada corrigida no prazo de dez dias corridos. Ela s\u00f3 ser\u00e1 considerada aprovada para compor o Guia de Livros Did\u00e1ticos se as falhas apontadas no parecer forem devidamente sanadas.<\/p>\n\n\n\n<p>Os editores, tanto das obras reprovadas quanto daquelas aprovadas condicionadas \u00e0 corre\u00e7\u00e3o, poder\u00e3o apresentar recursos fundamentados, tamb\u00e9m no prazo de dez dias. De acordo com a portaria, n\u00e3o ser\u00e3o aceitos pedidos gen\u00e9ricos de revis\u00e3o da avalia\u00e7\u00e3o e o detentor de direito autoral poder\u00e1 enviar apenas um recurso por obra. A decis\u00e3o sobre os recursos ser\u00e1 divulgada em at\u00e9 30 dias, na p\u00e1gina do Simec.<\/p>\n\n\n\n<p>Em dezembro de 2019, o Fundo Nacional de Desenvolvimento da Educa\u00e7\u00e3o (FNDE), vinculado ao MEC e que coordenada o programa do livro did\u00e1tico, convocou,&nbsp;<a href=\"http:\/\/www.fnde.gov.br\/index.php\/programas\/programas-do-livro\/consultas\/editais-programas-livro\/item\/13106-edital-pnld-2021\" target=\"_blank\" rel=\"noreferrer noopener\">por meio de edital<\/a>&nbsp;os editores interessados em participar da edi\u00e7\u00e3o de 2021 do PNLD para aquisi\u00e7\u00e3o de obras did\u00e1ticas, liter\u00e1rias e de recursos digitais destinados aos estudantes, professores e gestores escolares do ensino m\u00e9dio das redes p\u00fablicas de todo o pa\u00eds. As obras a serem adquiridas foram divididas em cinco objetos, cada um com prazo de inscri\u00e7\u00e3o espec\u00edfico.<\/p>\n\n\n\n<h2 class=\"wp-block-heading\">Objetos<\/h2>\n\n\n\n<p>O resultado divulgado hoje (20) diz respeito ao objeto 1: Obras de Projetos Integradores e Projeto de Vida, que ser\u00e3o distribu\u00eddas em 2021. No dia 30 de setembro, encerraram-se as inscri\u00e7\u00f5es para as obras do objeto 2: Obras por \u00c1rea do Conhecimento, que incluem livro das quatro grandes \u00e1reas do conhecimento &#8211; linguagens e suas tecnologias; matem\u00e1tica e suas tecnologias; ci\u00eancias da natureza e suas tecnologias; e ci\u00eancias humanas e sociais aplicadas.<\/p>\n\n\n\n<p>As inscri\u00e7\u00f5es para objeto 3: Obras de Forma\u00e7\u00e3o Continuada para Professores e Gestores, e objeto 5: Obras Liter\u00e1rias, est\u00e3o previstas para janeiro e mar\u00e7o de 2021, respectivamente. Os livros desses objetos e do objeto 2 ser\u00e3o distribu\u00eddos em 2022.<\/p>\n\n\n\n<p>Os crit\u00e9rios de aquisi\u00e7\u00e3o para o objeto 4: Recursos Educacionais Digitais foram publicados na semana passada em edital espec\u00edfico e os prazos para inscri\u00e7\u00e3o come\u00e7am em fevereiro do ano que vem. Todos os editais est\u00e3o dispon\u00edveis na&nbsp;<a href=\"http:\/\/www.fnde.gov.br\/index.php\/programas\/programas-do-livro\/consultas\/editais-programas-livro\/item\/13106-edital-pnld-2021\" target=\"_blank\" rel=\"noreferrer noopener\">p\u00e1gina do FNDE<\/a>.<\/p>\n\n\n\n<p>Ap\u00f3s passarem pelas etapas de an\u00e1lise das obras e das empresas produtoras dos materiais, as obras aprovadas ficar\u00e3o \u00e0 disposi\u00e7\u00e3o para a escolha de professores, coordenadores pedag\u00f3gicos e diretores escolares. Os materiais escolhidos e contratados devem estar em conson\u00e2ncia com a Base Nacional Comum Curricular (BNCC) para o ensino m\u00e9dio e ser\u00e3o distribu\u00eddos para as escolas p\u00fablicas de todo o pa\u00eds.<\/p>\n\n\n\n<p>A execu\u00e7\u00e3o do PNLD \u00e9 realizada de forma alternada. S\u00e3o atendidos, em ciclos diferentes, educa\u00e7\u00e3o infantil; anos iniciais do ensino fundamental (1\u00ba ao 5\u00ba); anos finais do ensino fundamental (6\u00ba ao 9\u00ba); e ensino m\u00e9dio. Os segmentos n\u00e3o atendidos em um determinado ciclo recebem livros de forma complementar, correspondentes a novas matr\u00edculas registradas ou \u00e0 reposi\u00e7\u00e3o de livros avariados ou n\u00e3o devolvidos.<\/p>\n\n\n\n<p>Em 2019, o programa distribuiu 126 milh\u00f5es de exemplares para mais de 35 milh\u00f5es de estudantes, em 90 mil escolas da rede p\u00fablica. Al\u00e9m dos livros did\u00e1ticos, as unidades tamb\u00e9m receberam no ano passado, pela primeira vez, cerca de 53 milh\u00f5es de livros liter\u00e1rios, tanto para acervo de biblioteca quanto para o uso dos estudantes em sala de aula.<\/p>\n\n\n\n<p>Edi\u00e7\u00e3o: Fernando Fraga<\/p>\n","protected":false},"excerpt":{"rendered":"<p>Em 2019, o programa distribuiu 126 milh\u00f5es de exemplares Por Andreia Verd\u00e9lio \u2013 Rep\u00f3rter da<\/p>\n","protected":false},"author":2,"featured_media":3319,"comment_status":"open","ping_status":"open","sticky":false,"template":"","format":"standard","meta":{"footnotes":""},"categories":[19],"tags":[],"class_list":["post-3318","post","type-post","status-publish","format-standard","has-post-thumbnail","hentry","category-educacao"],"_links":{"self":[{"href":"https:\/\/tvc16.com\/portal\/wp-json\/wp\/v2\/posts\/3318","targetHints":{"allow":["GET"]}}],"collection":[{"href":"https:\/\/tvc16.com\/portal\/wp-json\/wp\/v2\/posts"}],"about":[{"href":"https:\/\/tvc16.com\/portal\/wp-json\/wp\/v2\/types\/post"}],"author":[{"embeddable":true,"href":"https:\/\/tvc16.com\/portal\/wp-json\/wp\/v2\/users\/2"}],"replies":[{"embeddable":true,"href":"https:\/\/tvc16.com\/portal\/wp-json\/wp\/v2\/comments?post=3318"}],"version-history":[{"count":1,"href":"https:\/\/tvc16.com\/portal\/wp-json\/wp\/v2\/posts\/3318\/revisions"}],"predecessor-version":[{"id":3320,"href":"https:\/\/tvc16.com\/portal\/wp-json\/wp\/v2\/posts\/3318\/revisions\/3320"}],"wp:featuredmedia":[{"embeddable":true,"href":"https:\/\/tvc16.com\/portal\/wp-json\/wp\/v2\/media\/3319"}],"wp:attachment":[{"href":"https:\/\/tvc16.com\/portal\/wp-json\/wp\/v2\/media?parent=3318"}],"wp:term":[{"taxonomy":"category","embeddable":true,"href":"https:\/\/tvc16.com\/portal\/wp-json\/wp\/v2\/categories?post=3318"},{"taxonomy":"post_tag","embeddable":true,"href":"https:\/\/tvc16.com\/portal\/wp-json\/wp\/v2\/tags?post=3318"}],"curies":[{"name":"wp","href":"https:\/\/api.w.org\/{rel}","templated":true}]}}