{"id":3321,"date":"2020-10-20T20:45:58","date_gmt":"2020-10-20T20:45:58","guid":{"rendered":"https:\/\/tvc16.com\/portal\/?p=3321"},"modified":"2020-10-20T20:45:58","modified_gmt":"2020-10-20T20:45:58","slug":"ministerio-da-infraestrutura-inicia-fusao-de-estatais","status":"publish","type":"post","link":"https:\/\/tvc16.com\/portal\/2020\/10\/20\/ministerio-da-infraestrutura-inicia-fusao-de-estatais\/","title":{"rendered":"Minist\u00e9rio da Infraestrutura inicia fus\u00e3o de estatais"},"content":{"rendered":"\n<p>Cria\u00e7\u00e3o da Infra S.A. deve otimizar custos e garantir produtividade<\/p>\n\n\n\n<h4 class=\"wp-block-heading\">Por Pedro Ivo de Oliveira &#8211; Rep\u00f3rter da Ag\u00eancia Brasil &#8211; Bras\u00edlia<\/h4>\n\n\n\n<p>O Minist\u00e9rio da Infraestrutura&nbsp;iniciou o processo de unifica\u00e7\u00e3o de duas empresas estatais com sobreposi\u00e7\u00e3o de finalidades: a Empresa de Planejamento e Log\u00edstica (EPL) &#8211; que realiza estudos t\u00e9cnicos para concess\u00f5es de transportes &#8211; e a Valec Engenharia, Constru\u00e7\u00f5es e Ferrovias S\/A &#8211; respons\u00e1vel pelas ferrovias brasileiras. O an\u00fancio foi feito ontem (19). Ambas ter\u00e3o funcion\u00e1rios e atribui\u00e7\u00f5es incorporados \u00e0 nova empresa, que ser\u00e1 chamada Infra S.A.<img decoding=\"async\" src=\"https:\/\/agenciabrasil.ebc.com.br\/ebc.png?id=1391102&amp;o=node\"><img decoding=\"async\" src=\"https:\/\/agenciabrasil.ebc.com.br\/ebc.gif?id=1391102&amp;o=node\"><\/p>\n\n\n\n<p>\u201cA implanta\u00e7\u00e3o da Infra S.A., que vai incorporar a Valec e a EPL, far\u00e1 o Minfra deixar de ter duas empresas dependentes do Tesouro Nacional e que apresentam preju\u00edzo acumulado para o surgimento de uma nova, que vai reduzir custos de funcionamento, ser autossuficiente e competitiva, aumentar a produtividade e ampliar a efici\u00eancia na estrutura\u00e7\u00e3o de projetos de infraestrutura, sempre pensando a log\u00edstica de transportes, estruturando o futuro, sem qualquer descontinuidade ao que est\u00e1 em andamento atualmente\u201d, informou Marcelo Sampaio, secret\u00e1rio-executivo do Minist\u00e9rio da Infraestrutura.<\/p>\n\n\n\n<p>O plano de fus\u00e3o das estatais dever\u00e1 ser apresentado no prazo de 90 dias e a previs\u00e3o \u00e9 que todo o processo seja conclu\u00eddo em 270 dias. Durante o prazo inicial, consultores apresentar\u00e3o os resultados do modelo de funcionamento da Infra S.A., com padr\u00f5es para a governan\u00e7a do projeto e o alinhamento estrat\u00e9gico com os principais executivos das empresas.<\/p>\n\n\n\n<p>Segundo a pasta, avalia\u00e7\u00f5es trimestrais ser\u00e3o feitas para acompanhar o desenvolvimento e a performance da nova estatal. A empresa respons\u00e1vel pela unifica\u00e7\u00e3o, a Consultoria Falconi, prev\u00ea uma empresa mais enxuta com os cortes de gastos administrativos, e mais \u00e1gil, com investimentos em conhecimentos gerenciais e t\u00e9cnicos para os funcion\u00e1rios. A proje\u00e7\u00e3o tamb\u00e9m cita ganhos de efici\u00eancia e aumento de produtividade para a Infra S.A.<\/p>\n\n\n\n<p>A cria\u00e7\u00e3o da Infra S.A. \u00e9 a primeira investida do governo federal em fus\u00e3o de estatais.<\/p>\n\n\n\n<p>Edi\u00e7\u00e3o: Fernando Fraga<\/p>\n","protected":false},"excerpt":{"rendered":"<p>Cria\u00e7\u00e3o da Infra S.A. deve otimizar custos e garantir produtividade Por Pedro Ivo de Oliveira<\/p>\n","protected":false},"author":2,"featured_media":3322,"comment_status":"open","ping_status":"open","sticky":false,"template":"","format":"standard","meta":{"footnotes":""},"categories":[18],"tags":[],"class_list":["post-3321","post","type-post","status-publish","format-standard","has-post-thumbnail","hentry","category-economia"],"_links":{"self":[{"href":"https:\/\/tvc16.com\/portal\/wp-json\/wp\/v2\/posts\/3321","targetHints":{"allow":["GET"]}}],"collection":[{"href":"https:\/\/tvc16.com\/portal\/wp-json\/wp\/v2\/posts"}],"about":[{"href":"https:\/\/tvc16.com\/portal\/wp-json\/wp\/v2\/types\/post"}],"author":[{"embeddable":true,"href":"https:\/\/tvc16.com\/portal\/wp-json\/wp\/v2\/users\/2"}],"replies":[{"embeddable":true,"href":"https:\/\/tvc16.com\/portal\/wp-json\/wp\/v2\/comments?post=3321"}],"version-history":[{"count":1,"href":"https:\/\/tvc16.com\/portal\/wp-json\/wp\/v2\/posts\/3321\/revisions"}],"predecessor-version":[{"id":3323,"href":"https:\/\/tvc16.com\/portal\/wp-json\/wp\/v2\/posts\/3321\/revisions\/3323"}],"wp:featuredmedia":[{"embeddable":true,"href":"https:\/\/tvc16.com\/portal\/wp-json\/wp\/v2\/media\/3322"}],"wp:attachment":[{"href":"https:\/\/tvc16.com\/portal\/wp-json\/wp\/v2\/media?parent=3321"}],"wp:term":[{"taxonomy":"category","embeddable":true,"href":"https:\/\/tvc16.com\/portal\/wp-json\/wp\/v2\/categories?post=3321"},{"taxonomy":"post_tag","embeddable":true,"href":"https:\/\/tvc16.com\/portal\/wp-json\/wp\/v2\/tags?post=3321"}],"curies":[{"name":"wp","href":"https:\/\/api.w.org\/{rel}","templated":true}]}}