{"id":3324,"date":"2020-10-20T20:46:46","date_gmt":"2020-10-20T20:46:46","guid":{"rendered":"https:\/\/tvc16.com\/portal\/?p=3324"},"modified":"2020-10-20T20:46:46","modified_gmt":"2020-10-20T20:46:46","slug":"nao-investir-no-brasil-sera-um-grande-erro-afirma-ministro","status":"publish","type":"post","link":"https:\/\/tvc16.com\/portal\/2020\/10\/20\/nao-investir-no-brasil-sera-um-grande-erro-afirma-ministro\/","title":{"rendered":"N\u00e3o investir no Brasil ser\u00e1 um grande erro, afirma ministro"},"content":{"rendered":"\n<p>Em confer\u00eancia, Guedes diz que agenda de reformas est\u00e1 mantida<\/p>\n\n\n\n<h4 class=\"wp-block-heading\">Por Kelly Oliveira \u2013 Rep\u00f3rter da Ag\u00eancia Brasil &#8211; Bras\u00edlia<\/h4>\n\n\n\n<p>O ministro da Economia, Paulo Guedes, defendeu hoje (20) que os investidores mantenham ativos no Brasil. Guedes destacou que o pa\u00eds manter\u00e1 a agenda de reformas, atualiza\u00e7\u00e3o de marcos regulat\u00f3rios e privatiza\u00e7\u00f5es.<img decoding=\"async\" src=\"https:\/\/agenciabrasil.ebc.com.br\/ebc.png?id=1391118&amp;o=node\"><img decoding=\"async\" src=\"https:\/\/agenciabrasil.ebc.com.br\/ebc.gif?id=1391118&amp;o=node\"><\/p>\n\n\n\n<p>\u201cSer\u00e1 um grande erro n\u00e3o investir no Brasil\u201d, disse em confer\u00eancia, transmitida pela internet, sobre oportunidades para Brasil e Estados Unidos, organizado pelo Milken Institute.<\/p>\n\n\n\n<p>Para o ministro, \u00e9 natural que a taxa de c\u00e2mbio fique mais alta, enquanto os juros s\u00e3o mais baixos. \u201cEstamos h\u00e1 um ano e meio sem corrup\u00e7\u00e3o no governo, e isso nunca aconteceu antes. \u00c9 normal que a taxa de juros caia e a taxa de c\u00e2mbio aumente, mas os investidores estrangeiros podem ficar tranquilos que teremos bons mecanismos de&nbsp;<em>hedge<\/em>&nbsp;[prote\u00e7\u00e3o]\u201d, afirmou.<\/p>\n\n\n\n<h2 class=\"wp-block-heading\">Reforma tribut\u00e1ria<\/h2>\n\n\n\n<p>Segundo o ministro, o governo n\u00e3o vai aumentar a carga tribut\u00e1ria. \u201cN\u00e3o vamos aumentar impostos no Brasil, vamos reduzir tributos das empresas\u201d, disse Guedes. Ele acrescentou o governo quer criar imposto sobre dividendos e simplificar o sistema tribut\u00e1rio no Brasil.<\/p>\n\n\n\n<p>A primeira parte da reforma tribut\u00e1ria foi enviada pelo governo em julho deste ano, com a unifica\u00e7\u00e3o de tributos na futura Contribui\u00e7\u00e3o sobre a Receita decorrente de Opera\u00e7\u00f5es com Bens e Servi\u00e7os (CBS), com al\u00edquota \u00fanica de 12%.<\/p>\n\n\n\n<p>A equipe econ\u00f4mica estuda ainda&nbsp;<a href=\"https:\/\/agenciabrasil.ebc.com.br\/economia\/noticia\/2020-10\/governo-ainda-nao-decidiu-sobre-mudanca-na-deducao-do-ir-diz-tostes\" target=\"_blank\" rel=\"noreferrer noopener\">mudan\u00e7as no Imposto de Renda<\/a>, cobran\u00e7a de al\u00edquota sobre lucros e dividendos e proposta para desonerar a folha de pagamento das empresas em troca da cria\u00e7\u00e3o de uma contribui\u00e7\u00e3o sobre transa\u00e7\u00f5es.<\/p>\n\n\n\n<h2 class=\"wp-block-heading\">Preserva\u00e7\u00e3o ambiental<\/h2>\n\n\n\n<p>Guedes disse ainda que o pa\u00eds vem sendo \u201cmal interpretado\u201d no que diz respeito a quest\u00f5es ambientais. Ele lembrou que, no passado, foi considerado importante \u201cocupar o territ\u00f3rio\u201d da Amaz\u00f4nia.o que \u00e9 mal visto at\u00e9 hoje, mas n\u00e3o \u00e9 poss\u00edvel tirar a popula\u00e7\u00e3o. Ele disse ainda que \u00e9 preciso haver pol\u00edticas para preservar e transformar a regi\u00e3o.<\/p>\n\n\n\n<p>De acordo com o ministro, \u00e9 dif\u00edcil controlar todo o territ\u00f3rio da Amaz\u00f4nia devido ao tamanho da regi\u00e3o, \u201cmaior do que a Europa\u201d. \u201cNossa bandeira \u00e9 verde e amarela, somos verdes, temos as matrizes energ\u00e9ticas mais limpas do mundo\u201d, enfatizou Guedes.<\/p>\n\n\n\n<h2 class=\"wp-block-heading\">Abertura de capital<\/h2>\n\n\n\n<p>Na confer\u00eancia, o ministro lembrou que 65 milh\u00f5es de pessoas foram&nbsp;<em>bancarizadas<\/em>&nbsp;(tiveram acesso ao sistema banc\u00e1rio) durante a pandemia de covid-19, com o pagamento do aux\u00edlio emergencial em conta digital criada pela Caixa Econ\u00f4mica Federal.<\/p>\n\n\n\n<p>\u201cO Brasil \u00e9 uma democracia digital. Na pandemia, digitalizamos 64 milh\u00f5es de pessoas. Quanto vale um banco que tem 64 milh\u00f5es de pessoas que foram<em>&nbsp;bancarizadas<\/em>&nbsp;pela primeira vez e ser\u00e3o leais pelo resto da vida? Estamos planejamento um IPO [oferta p\u00fablica de a\u00e7\u00f5es] deste banco digital\u201d, disse Guedes.<\/p>\n\n\n\n<p>Edi\u00e7\u00e3o: N\u00e1dia Franco<\/p>\n","protected":false},"excerpt":{"rendered":"<p>Em confer\u00eancia, Guedes diz que agenda de reformas est\u00e1 mantida Por Kelly Oliveira \u2013 Rep\u00f3rter<\/p>\n","protected":false},"author":2,"featured_media":3325,"comment_status":"open","ping_status":"open","sticky":false,"template":"","format":"standard","meta":{"footnotes":""},"categories":[18],"tags":[],"class_list":["post-3324","post","type-post","status-publish","format-standard","has-post-thumbnail","hentry","category-economia"],"_links":{"self":[{"href":"https:\/\/tvc16.com\/portal\/wp-json\/wp\/v2\/posts\/3324","targetHints":{"allow":["GET"]}}],"collection":[{"href":"https:\/\/tvc16.com\/portal\/wp-json\/wp\/v2\/posts"}],"about":[{"href":"https:\/\/tvc16.com\/portal\/wp-json\/wp\/v2\/types\/post"}],"author":[{"embeddable":true,"href":"https:\/\/tvc16.com\/portal\/wp-json\/wp\/v2\/users\/2"}],"replies":[{"embeddable":true,"href":"https:\/\/tvc16.com\/portal\/wp-json\/wp\/v2\/comments?post=3324"}],"version-history":[{"count":1,"href":"https:\/\/tvc16.com\/portal\/wp-json\/wp\/v2\/posts\/3324\/revisions"}],"predecessor-version":[{"id":3326,"href":"https:\/\/tvc16.com\/portal\/wp-json\/wp\/v2\/posts\/3324\/revisions\/3326"}],"wp:featuredmedia":[{"embeddable":true,"href":"https:\/\/tvc16.com\/portal\/wp-json\/wp\/v2\/media\/3325"}],"wp:attachment":[{"href":"https:\/\/tvc16.com\/portal\/wp-json\/wp\/v2\/media?parent=3324"}],"wp:term":[{"taxonomy":"category","embeddable":true,"href":"https:\/\/tvc16.com\/portal\/wp-json\/wp\/v2\/categories?post=3324"},{"taxonomy":"post_tag","embeddable":true,"href":"https:\/\/tvc16.com\/portal\/wp-json\/wp\/v2\/tags?post=3324"}],"curies":[{"name":"wp","href":"https:\/\/api.w.org\/{rel}","templated":true}]}}