{"id":3327,"date":"2020-10-20T20:48:00","date_gmt":"2020-10-20T20:48:00","guid":{"rendered":"https:\/\/tvc16.com\/portal\/?p=3327"},"modified":"2020-10-20T20:48:00","modified_gmt":"2020-10-20T20:48:00","slug":"fecomercio-quase-1-3-das-empresas-no-rio-deve-contratar-no-fim-de-ano","status":"publish","type":"post","link":"https:\/\/tvc16.com\/portal\/2020\/10\/20\/fecomercio-quase-1-3-das-empresas-no-rio-deve-contratar-no-fim-de-ano\/","title":{"rendered":"Fecom\u00e9rcio: quase 1\/3 das empresas no Rio deve contratar no fim de ano"},"content":{"rendered":"\n<p>Percentual de estabelecimentos que devem abrir vagas extras \u00e9 de 30,6%<\/p>\n\n\n\n<h4 class=\"wp-block-heading\">Por Vin\u00edcius Lisboa &#8211; Rep\u00f3rter da Ag\u00eancia Brasil &#8211; Rio de Janeiro<\/h4>\n\n\n\n<p>Quase um ter\u00e7os dos empres\u00e1rios no estado do Rio de Janeiro pretende fazer contrata\u00e7\u00f5es tempor\u00e1rias para o fim de ano, mostra estudo do Instituto Fecom\u00e9rcio de Pesquisa e An\u00e1lises (Ifec-RJ).<br><br>O percentual de empresas que planeja abrir vagas extras \u00e9 de 30,6%, pr\u00f3ximo dos 31% que declararam o mesmo na sondagem realizada no ano passado.<br><br>Segundo o IFEC, 42,7% dos empres\u00e1rios declararam que n\u00e3o pretendem contratar, e 26,7% ainda n\u00e3o decidiram se abrir\u00e3o vagas tempor\u00e1rias.<br><br>Comparados aos do ano passado, os n\u00fameros mostram crescimento de 3 pontos percentuais na incerteza em rela\u00e7\u00e3o a contrata\u00e7\u00f5es, j\u00e1 que, em 2019, 23,5% dos empres\u00e1rios tinham declarado \u00e0 sondagem que n\u00e3o sabiam se abririam vagas. Por outro lado, o percentual dos que decidiram n\u00e3o contratar \u00e9 3 pontos menor que o do ano passado.<br><br>A sondagem deste ano ouviu 363 empres\u00e1rios do estado do Rio de Janeiro. No ano passado, o instituto de pesquisa entrevistou 767 representantes de empresas do setor.<img decoding=\"async\" src=\"https:\/\/agenciabrasil.ebc.com.br\/ebc.png?id=1391124&amp;o=node\"><img decoding=\"async\" src=\"https:\/\/agenciabrasil.ebc.com.br\/ebc.gif?id=1391124&amp;o=node\"><\/p>\n\n\n\n<p>Edi\u00e7\u00e3o: N\u00e1dia Franco<\/p>\n","protected":false},"excerpt":{"rendered":"<p>Percentual de estabelecimentos que devem abrir vagas extras \u00e9 de 30,6% Por Vin\u00edcius Lisboa &#8211;<\/p>\n","protected":false},"author":2,"featured_media":3328,"comment_status":"open","ping_status":"open","sticky":false,"template":"","format":"standard","meta":{"footnotes":""},"categories":[18],"tags":[],"class_list":["post-3327","post","type-post","status-publish","format-standard","has-post-thumbnail","hentry","category-economia"],"_links":{"self":[{"href":"https:\/\/tvc16.com\/portal\/wp-json\/wp\/v2\/posts\/3327","targetHints":{"allow":["GET"]}}],"collection":[{"href":"https:\/\/tvc16.com\/portal\/wp-json\/wp\/v2\/posts"}],"about":[{"href":"https:\/\/tvc16.com\/portal\/wp-json\/wp\/v2\/types\/post"}],"author":[{"embeddable":true,"href":"https:\/\/tvc16.com\/portal\/wp-json\/wp\/v2\/users\/2"}],"replies":[{"embeddable":true,"href":"https:\/\/tvc16.com\/portal\/wp-json\/wp\/v2\/comments?post=3327"}],"version-history":[{"count":1,"href":"https:\/\/tvc16.com\/portal\/wp-json\/wp\/v2\/posts\/3327\/revisions"}],"predecessor-version":[{"id":3329,"href":"https:\/\/tvc16.com\/portal\/wp-json\/wp\/v2\/posts\/3327\/revisions\/3329"}],"wp:featuredmedia":[{"embeddable":true,"href":"https:\/\/tvc16.com\/portal\/wp-json\/wp\/v2\/media\/3328"}],"wp:attachment":[{"href":"https:\/\/tvc16.com\/portal\/wp-json\/wp\/v2\/media?parent=3327"}],"wp:term":[{"taxonomy":"category","embeddable":true,"href":"https:\/\/tvc16.com\/portal\/wp-json\/wp\/v2\/categories?post=3327"},{"taxonomy":"post_tag","embeddable":true,"href":"https:\/\/tvc16.com\/portal\/wp-json\/wp\/v2\/tags?post=3327"}],"curies":[{"name":"wp","href":"https:\/\/api.w.org\/{rel}","templated":true}]}}