{"id":3330,"date":"2020-10-20T20:56:06","date_gmt":"2020-10-20T20:56:06","guid":{"rendered":"https:\/\/tvc16.com\/portal\/?p=3330"},"modified":"2020-10-20T20:56:06","modified_gmt":"2020-10-20T20:56:06","slug":"fiocruz-revela-que-taxas-de-casos-da-covid-19-permaneceram-em-niveis-altos-em-setembro","status":"publish","type":"post","link":"https:\/\/tvc16.com\/portal\/2020\/10\/20\/fiocruz-revela-que-taxas-de-casos-da-covid-19-permaneceram-em-niveis-altos-em-setembro\/","title":{"rendered":"Fiocruz revela que taxas de casos da Covid-19 permaneceram em n\u00edveis altos em setembro"},"content":{"rendered":"\n<p>O Boletim Observat\u00f3rio Fiocruz Covid-19 de setembro aponta que as taxas de incid\u00eancia e de mortalidade de casos da doen\u00e7a permaneceram em n\u00edveis altos. De acordo com o levantamento, Goi\u00e1s e Rio de Janeiro ainda apresentam tend\u00eancia de aumento nos diagn\u00f3sticos e sinais de sobrecarga nos hospitais.\u00a0<br><br>Por outro lado, houve redu\u00e7\u00e3o do n\u00famero de casos no Amap\u00e1, Maranh\u00e3o e Santa Catarina. O n\u00famero de \u00f3bitos no per\u00edodo observado tamb\u00e9m sofreu redu\u00e7\u00e3o no Amazonas e Roraima. Tamb\u00e9m no Norte do pa\u00eds, no entanto, em Rond\u00f4nia e no Par\u00e1, foi observado aumento das confirma\u00e7\u00f5es da Covid-19.\u00a0<\/p>\n\n\n\n<p>Segundo a Fiocruz, as oscila\u00e7\u00f5es constatadas na regi\u00e3o Norte apontam uma situa\u00e7\u00e3o de alerta nesses estados, onde outros surtos podem ocorrer, novamente comprometendo a capacidade de atendimento na rede aten\u00e7\u00e3o de sa\u00fade. \u00a0<br><br>A an\u00e1lise \u00e9 realizada por uma equipe multidisciplinar de pesquisadores da Fiocruz. Divulgado quinzenalmente, o estudo traz um panorama geral do cen\u00e1rio epidemiol\u00f3gico da pandemia com indicadores-chave para o monitoramento da situa\u00e7\u00e3o nos estados e regi\u00f5es do pa\u00eds.<\/p>\n\n\n\n<p>Fonte: <a href=\"https:\/\/brasil61.com\/noticias\/fiocruz-revela-que-taxas-de-casos-da-covid-19-permaneceram-em-niveis-altos-em-setembro-bras202275\" target=\"_blank\" rel=\"noreferrer noopener\">Brasil 61<\/a><\/p>\n","protected":false},"excerpt":{"rendered":"<p>O Boletim Observat\u00f3rio Fiocruz Covid-19 de setembro aponta que as taxas de incid\u00eancia e de<\/p>\n","protected":false},"author":2,"featured_media":3331,"comment_status":"open","ping_status":"open","sticky":false,"template":"","format":"standard","meta":{"footnotes":""},"categories":[13],"tags":[],"class_list":["post-3330","post","type-post","status-publish","format-standard","has-post-thumbnail","hentry","category-saude"],"_links":{"self":[{"href":"https:\/\/tvc16.com\/portal\/wp-json\/wp\/v2\/posts\/3330","targetHints":{"allow":["GET"]}}],"collection":[{"href":"https:\/\/tvc16.com\/portal\/wp-json\/wp\/v2\/posts"}],"about":[{"href":"https:\/\/tvc16.com\/portal\/wp-json\/wp\/v2\/types\/post"}],"author":[{"embeddable":true,"href":"https:\/\/tvc16.com\/portal\/wp-json\/wp\/v2\/users\/2"}],"replies":[{"embeddable":true,"href":"https:\/\/tvc16.com\/portal\/wp-json\/wp\/v2\/comments?post=3330"}],"version-history":[{"count":1,"href":"https:\/\/tvc16.com\/portal\/wp-json\/wp\/v2\/posts\/3330\/revisions"}],"predecessor-version":[{"id":3332,"href":"https:\/\/tvc16.com\/portal\/wp-json\/wp\/v2\/posts\/3330\/revisions\/3332"}],"wp:featuredmedia":[{"embeddable":true,"href":"https:\/\/tvc16.com\/portal\/wp-json\/wp\/v2\/media\/3331"}],"wp:attachment":[{"href":"https:\/\/tvc16.com\/portal\/wp-json\/wp\/v2\/media?parent=3330"}],"wp:term":[{"taxonomy":"category","embeddable":true,"href":"https:\/\/tvc16.com\/portal\/wp-json\/wp\/v2\/categories?post=3330"},{"taxonomy":"post_tag","embeddable":true,"href":"https:\/\/tvc16.com\/portal\/wp-json\/wp\/v2\/tags?post=3330"}],"curies":[{"name":"wp","href":"https:\/\/api.w.org\/{rel}","templated":true}]}}