{"id":3333,"date":"2020-10-20T20:57:37","date_gmt":"2020-10-20T20:57:37","guid":{"rendered":"https:\/\/tvc16.com\/portal\/?p=3333"},"modified":"2020-10-20T20:57:37","modified_gmt":"2020-10-20T20:57:37","slug":"pandemia-reduz-exames-de-mama-no-sus-em-62-diz-pesquisa","status":"publish","type":"post","link":"https:\/\/tvc16.com\/portal\/2020\/10\/20\/pandemia-reduz-exames-de-mama-no-sus-em-62-diz-pesquisa\/","title":{"rendered":"Pandemia reduz exames de mama no SUS em 62%, diz pesquisa"},"content":{"rendered":"\n<p>H\u00e1 sete anos, a dona de casa Maria Aparecida de Sousa, moradora de Valpara\u00edso de Goi\u00e1s, descobriu o c\u00e2ncer de mama ap\u00f3s um autoexame. Anos depois da retirada e reconstru\u00e7\u00e3o da mama, Maria Aparecida segue com o acompanhamento m\u00e9dico e exames de rotina no Sistema \u00danico de Sa\u00fade (SUS). Em uma das visitas \u00e0 unidade hospitalar durante a pandemia, foi infectada pelo coronav\u00edrus e teve todos os compromissos no sistema p\u00fablico de sa\u00fade cancelados.\u00a0<br><br>\u201cFui para a consulta e duas semanas depois comecei a sentir os sintomas. Fiz o exame e deu positivo. Fiquei em isolamento. Depois fiz outro teste e deu negativo. Meus exames foram todos cancelados depois que tive a Covid-19. Foi a \u00e9poca que tinham mais cuidados com os pacientes, cancelaram consultas e exames. Psic\u00f3logo e psiquiatra s\u00f3 por v\u00eddeo chamada e buscar receita \u00e9 com o maior cuidado\u201d, conta a dona de casa.<br><br>O caso da dona Maria Aparecida ilustra o resultado da pesquisa do Ibope Intelig\u00eancia, a pedido da farmac\u00eautica Pfizer, que revela que 62% das mulheres n\u00e3o foram realizar exames de detec\u00e7\u00e3o de c\u00e2ncer de mama este ano devido \u00e0 pandemia. As mulheres com mais de 60 anos foram as mais afetadas de acordo com o estudo, 73% disseram n\u00e3o ir ao m\u00e9dico ginecologista ou mastologista por medo da Covid-19. \u201cAgora em outubro, tinha consulta com mastologista e n\u00e3o fui. Tinha psiquiatra, n\u00e3o fui porque fiquei com medo de sair de casa. Meus filhos t\u00eam medo que eu pegue a Covid-19 novamente\u201d, diz Maria Aparecida.\u00a0<br><br>Entre as mulheres de 30 a 39 anos, 59% disseram estar aguardando a pandemia passar para ir ao m\u00e9dico, a menor taxa entre as entrevistadas. Dados da Federa\u00e7\u00e3o Brasileira de Institui\u00e7\u00f5es Filantr\u00f3picas de Apoio \u00e0 Sa\u00fade da Amama (FEMAMA) revelam que a principal reclama\u00e7\u00e3o das pacientes atendidas desde o in\u00edcio da pandemia foi o cancelamento de consultas.\u00a0<br><br>Segundo o Instituto Nacional do C\u00e2ncer (INCA), o Brasil tem mais de 66 mil novos casos de c\u00e2ncer de mama todos os anos, com taxa estimada em 61,61 casos a cada 100 mil mulheres.\u00a0<\/p>\n\n\n\n<h2 class=\"wp-block-heading\">Cirurgias<\/h2>\n\n\n\n<p>Em n\u00fameros gerais as cirurgias de c\u00e2ncer no Brasil reduziram em 70% os procedimentos entre mar\u00e7o e maio, segundo levantamento da Sociedade Brasileira de Cirurgia Oncol\u00f3gica (SBCO) \u2013 redu\u00e7\u00e3o de 116 mil cirurgias.&nbsp;<br><br>Os dados se estendem a outras \u00e1reas da medicina atendidas pelo SUS. As doen\u00e7as card\u00edacas tiveram 70% das cirurgias canceladas em abril, de acordo com a Sociedade Brasileira de Cardiologia Intervencionista (SBCI). Em rela\u00e7\u00e3o a doen\u00e7as renais, que provocam 35 mil mortes por ano, as cirurgias ca\u00edram 70% e os exames tiveram redu\u00e7\u00e3o entre 50% e 80%, dependendo da regi\u00e3o do pa\u00eds, segundo a Sociedade Brasileira de Nefrologia (SBN). &nbsp;<br><br>Para Maira Caleffi, mastologista e presidente volunt\u00e1ria da FEMAMA, os efeitos da pandemia no cancelamento de procedimentos no SUS ser\u00e3o sentidos a m\u00e9dio e longo prazo. \u201cOs efeitos ser\u00e3o devastadores. J\u00e1 t\u00ednhamos problemas de agilidade no acesso a diagn\u00f3sticos e bi\u00f3psias de les\u00f5es suspeitas antes da pandemia.<\/p>\n\n\n\n<p>Piorou muito a espera. Isso certamente vai impactar, a m\u00e9dio e longo prazo, na sobrevida, na chance de cura dos pacientes com c\u00e2ncer. No caso de pacientes com c\u00e2ncer de mama isso \u00e9 dram\u00e1tico. Talvez tudo que conseguimos com alerta da popula\u00e7\u00e3o em identificar o diagn\u00f3stico precoce, perdemos\u201d, diz.&nbsp;<br><br>Na avalia\u00e7\u00e3o de Caleffi, um dos caminhos para o poder p\u00fablico conseguir minimizar os impactos da pandemia no sistema de sa\u00fade \u00e9 atrav\u00e9s das parcerias p\u00fablico-privadas. \u201cO setor privado est\u00e1 aparelhado e sob protocolos mais r\u00edgidos. Quem vai ter menos chance de cura s\u00e3o aquelas pessoas que s\u00f3 contam com o sistema p\u00fablico\u201d, relata.&nbsp;<br><br>Mesmo com a pandemia e os efeitos no p\u00f3s-crise, o Governo Federal planeja cortes no or\u00e7amento da sa\u00fade para o ano que vem. A inten\u00e7\u00e3o do Executivo \u00e9 destinar ao Minist\u00e9rio da Sa\u00fade R$ 127,7 bilh\u00f5es de reais, R$ 7 bilh\u00f5es a menos do que em 2020. Com o acr\u00e9scimo de gastos por conta da pandemia, o or\u00e7amento da sa\u00fade deste ano \u00e9 de aproximadamente R$ 175 bilh\u00f5es.&nbsp;<\/p>\n\n\n\n<p>Fonte: <a href=\"https:\/\/brasil61.com\/noticias\/pandemia-reduz-exames-de-mama-no-sus-em-62-diz-pesquisa-bras202274\" target=\"_blank\" rel=\"noreferrer noopener\">Brasil 61<\/a><\/p>\n","protected":false},"excerpt":{"rendered":"<p>H\u00e1 sete anos, a dona de casa Maria Aparecida de Sousa, moradora de Valpara\u00edso de<\/p>\n","protected":false},"author":2,"featured_media":3334,"comment_status":"open","ping_status":"open","sticky":false,"template":"","format":"standard","meta":{"footnotes":""},"categories":[13],"tags":[],"class_list":["post-3333","post","type-post","status-publish","format-standard","has-post-thumbnail","hentry","category-saude"],"_links":{"self":[{"href":"https:\/\/tvc16.com\/portal\/wp-json\/wp\/v2\/posts\/3333","targetHints":{"allow":["GET"]}}],"collection":[{"href":"https:\/\/tvc16.com\/portal\/wp-json\/wp\/v2\/posts"}],"about":[{"href":"https:\/\/tvc16.com\/portal\/wp-json\/wp\/v2\/types\/post"}],"author":[{"embeddable":true,"href":"https:\/\/tvc16.com\/portal\/wp-json\/wp\/v2\/users\/2"}],"replies":[{"embeddable":true,"href":"https:\/\/tvc16.com\/portal\/wp-json\/wp\/v2\/comments?post=3333"}],"version-history":[{"count":1,"href":"https:\/\/tvc16.com\/portal\/wp-json\/wp\/v2\/posts\/3333\/revisions"}],"predecessor-version":[{"id":3335,"href":"https:\/\/tvc16.com\/portal\/wp-json\/wp\/v2\/posts\/3333\/revisions\/3335"}],"wp:featuredmedia":[{"embeddable":true,"href":"https:\/\/tvc16.com\/portal\/wp-json\/wp\/v2\/media\/3334"}],"wp:attachment":[{"href":"https:\/\/tvc16.com\/portal\/wp-json\/wp\/v2\/media?parent=3333"}],"wp:term":[{"taxonomy":"category","embeddable":true,"href":"https:\/\/tvc16.com\/portal\/wp-json\/wp\/v2\/categories?post=3333"},{"taxonomy":"post_tag","embeddable":true,"href":"https:\/\/tvc16.com\/portal\/wp-json\/wp\/v2\/tags?post=3333"}],"curies":[{"name":"wp","href":"https:\/\/api.w.org\/{rel}","templated":true}]}}