{"id":3345,"date":"2020-10-20T21:04:19","date_gmt":"2020-10-20T21:04:19","guid":{"rendered":"https:\/\/tvc16.com\/portal\/?p=3345"},"modified":"2020-10-20T21:04:19","modified_gmt":"2020-10-20T21:04:19","slug":"programa-que-permite-reducao-de-jornada-de-trabalho-e-salario-e-prorrogado","status":"publish","type":"post","link":"https:\/\/tvc16.com\/portal\/2020\/10\/20\/programa-que-permite-reducao-de-jornada-de-trabalho-e-salario-e-prorrogado\/","title":{"rendered":"Programa que permite redu\u00e7\u00e3o de jornada de trabalho e sal\u00e1rio \u00e9 prorrogado"},"content":{"rendered":"\n<p>Foi editado o decreto que prorroga o per\u00edodo em que as empresas poder\u00e3o suspender contratos de trabalho e reduzir sal\u00e1rio e jornadas para fazer frente ao impacto econ\u00f4mico gerado pela pandemia do novo coronav\u00edrus. A atualiza\u00e7\u00e3o estende em mais 60 dias o per\u00edodo em que as empresas poder\u00e3o reduzir o sal\u00e1rio e a jornada de trabalho de seus funcion\u00e1rios, elevando para at\u00e9 240 dias o prazo original previsto para celebra\u00e7\u00e3o de acordos.<\/p>\n\n\n\n<p>At\u00e9 ent\u00e3o, o Programa Emergencial de Manuten\u00e7\u00e3o do Emprego e da Renda (BEm) j\u00e1 garantiu a manuten\u00e7\u00e3o de 18.621.570 empregos em acordos firmados entre 9.755.440 trabalhadores e 1.454.302 empregadores.&nbsp;<\/p>\n\n\n\n<p>A redu\u00e7\u00e3o da jornada e do sal\u00e1rio do empregado pode ser de 25%, 50% ou 70%. A diferen\u00e7a salarial \u00e9 paga pelo Governo Federal, por meio do benef\u00edcio. Na pr\u00e1tica, um funcion\u00e1rio que sofrer redu\u00e7\u00e3o de 25% da jornada de trabalho vai receber 75% do sal\u00e1rio e 25% da parcela do BEm. Se a redu\u00e7\u00e3o da jornada de trabalho for de 70%, receber\u00e1 o sal\u00e1rio de 30% e mais 70% da parcela do BEm.\u2028<\/p>\n\n\n\n<p>A advogada trabalhista Paula Borges do Te Explico Direito, explicou como funciona a complementa\u00e7\u00e3o de renda. \u201cO empregado de contrato intermitente receber\u00e1 o aux\u00edlio emergencial de R$ 600, por\u00e9m o fato de existir mais de um contrato n\u00e3o gera o direito de mais um benef\u00edcio, ou seja, ele n\u00e3o \u00e9 acumulativo\u201d, afirmou.&nbsp;<\/p>\n\n\n\n<p>Em contrapartida, o empregador dever\u00e1 manter o trabalhador empregado durante todo o tempo de vig\u00eancia do acordo e por igual per\u00edodo depois que o mesmo acabar. Caso o empregador n\u00e3o cumpra esse requisito, ter\u00e1 que custear todos os direitos do funcion\u00e1rio, j\u00e1 previstos em lei, al\u00e9m de multas.<\/p>\n\n\n\n<p>No caso da suspens\u00e3o do contrato de trabalho em empresas com receita anual bruta de at\u00e9 R$ 4,8 milh\u00f5es, o trabalhador vai receber 100% da parcela do benef\u00edcio emergencial. J\u00e1 para empresas com receita bruta maior que R$ 4,8 milh\u00f5es, o trabalhador vai receber 70% da parcela BEm e mais 30% do sal\u00e1rio. Caso o trabalhador tenha direito a plano de sa\u00fade e\/ou t\u00edquete alimenta\u00e7\u00e3o, esses benef\u00edcios devem ser mantidos durante a suspens\u00e3o do contrato.<\/p>\n\n\n\n<p><strong><a href=\"https:\/\/brasil61.com\/noticias\/rs-pandemia-e-estiagem-contribuem-para-reducao-de-88-6-mil-empregos-formais-em-2020-no-estado-bras202233\">RS: Pandemia e estiagem contribuem para redu\u00e7\u00e3o de 88,6 mil empregos formais em 2020, no estado<\/a><\/strong><\/p>\n\n\n\n<p><a href=\"https:\/\/brasil61.com\/noticias\/comercio-local-e-aposta-de-municipios-para-valorizar-cultura-e-retomar-economia-sebr200011\"><strong>Com\u00e9rcio local \u00e9 aposta de munic\u00edpios para valorizar cultura e retomar economia<\/strong><\/a><\/p>\n\n\n\n<p>A conjuntura tamb\u00e9m favorece o novo modelo de contrato de trabalho intermitente, criado em 2017, como destacou o professor docente de Direito da UDF, Frederico Teixeira Barbosa. \u201cO contrato normal de trabalho j\u00e1 vem calculado as horas fixas daquele m\u00eas. O contrato intermitente veio modificar esse entendimento, dando a possibilidade do empregador e do empregado terem mais flexibilidade quanto a essa necessidade\u201d, disse.&nbsp;<\/p>\n\n\n\n<p>O decreto tamb\u00e9m prorrogou o prazo para o recebimento do aux\u00edlio emergencial, que o governo renovou os pagamentos em R$ 300 at\u00e9 o final do ano. A tend\u00eancia \u00e9 de que os benefici\u00e1rios do programa sejam atendidos pelo Renda Cidad\u00e3, estudado para substituir o Bolsa Fam\u00edlia.<\/p>\n\n\n\n<p>Segundo o s\u00f3cio da Guimar\u00e3es e parente Advogados, Thiago Guimar\u00e3es, a medida ainda poder\u00e1 ser prorrogada novamente e deve ser encarada de maneira positiva. &nbsp;\u201c\u00c9 uma ajuda financeira, que n\u00e3o vai chegar a totalidade do sal\u00e1rio, mas \u00e9 um complemento e pode ser sim novamente espa\u00e7ada e n\u00e3o temos perspectiva at\u00e9 quando vai ser necess\u00e1ria\u201d, pontuou.<\/p>\n\n\n\n<p>Fonte: <a href=\"https:\/\/brasil61.com\/noticias\/programa-que-permite-reducao-de-jornada-de-trabalho-e-salario-e-prorrogado-bras202259\" target=\"_blank\" rel=\"noreferrer noopener\">Brasil 61<\/a><\/p>\n","protected":false},"excerpt":{"rendered":"<p>Foi editado o decreto que prorroga o per\u00edodo em que as empresas poder\u00e3o suspender contratos<\/p>\n","protected":false},"author":2,"featured_media":3346,"comment_status":"open","ping_status":"open","sticky":false,"template":"","format":"standard","meta":{"footnotes":""},"categories":[17],"tags":[],"class_list":["post-3345","post","type-post","status-publish","format-standard","has-post-thumbnail","hentry","category-outras-noticias"],"_links":{"self":[{"href":"https:\/\/tvc16.com\/portal\/wp-json\/wp\/v2\/posts\/3345","targetHints":{"allow":["GET"]}}],"collection":[{"href":"https:\/\/tvc16.com\/portal\/wp-json\/wp\/v2\/posts"}],"about":[{"href":"https:\/\/tvc16.com\/portal\/wp-json\/wp\/v2\/types\/post"}],"author":[{"embeddable":true,"href":"https:\/\/tvc16.com\/portal\/wp-json\/wp\/v2\/users\/2"}],"replies":[{"embeddable":true,"href":"https:\/\/tvc16.com\/portal\/wp-json\/wp\/v2\/comments?post=3345"}],"version-history":[{"count":1,"href":"https:\/\/tvc16.com\/portal\/wp-json\/wp\/v2\/posts\/3345\/revisions"}],"predecessor-version":[{"id":3347,"href":"https:\/\/tvc16.com\/portal\/wp-json\/wp\/v2\/posts\/3345\/revisions\/3347"}],"wp:featuredmedia":[{"embeddable":true,"href":"https:\/\/tvc16.com\/portal\/wp-json\/wp\/v2\/media\/3346"}],"wp:attachment":[{"href":"https:\/\/tvc16.com\/portal\/wp-json\/wp\/v2\/media?parent=3345"}],"wp:term":[{"taxonomy":"category","embeddable":true,"href":"https:\/\/tvc16.com\/portal\/wp-json\/wp\/v2\/categories?post=3345"},{"taxonomy":"post_tag","embeddable":true,"href":"https:\/\/tvc16.com\/portal\/wp-json\/wp\/v2\/tags?post=3345"}],"curies":[{"name":"wp","href":"https:\/\/api.w.org\/{rel}","templated":true}]}}