{"id":3353,"date":"2020-10-21T14:54:53","date_gmt":"2020-10-21T14:54:53","guid":{"rendered":"https:\/\/tvc16.com\/portal\/?p=3353"},"modified":"2020-10-21T14:54:53","modified_gmt":"2020-10-21T14:54:53","slug":"processo-inicial-podera-ser-realizado-virtualmente-pelo-site-da-escola-firjan-sesi-aulas-comecam-em-3-de-fevereiro","status":"publish","type":"post","link":"https:\/\/tvc16.com\/portal\/2020\/10\/21\/processo-inicial-podera-ser-realizado-virtualmente-pelo-site-da-escola-firjan-sesi-aulas-comecam-em-3-de-fevereiro\/","title":{"rendered":"Processo inicial poder\u00e1 ser realizado virtualmente pelo site da Escola Firjan SESI. Aulas come\u00e7am em 3 de fevereiro"},"content":{"rendered":"\n<p><\/p>\n\n\n\n<p>Est\u00e1 aberta a campanha de matr\u00edculas e rematr\u00edculas da Escola Firjan SESI de 2021 para alunos da Educa\u00e7\u00e3o Infantil e Ensino Fundamental. &nbsp;A novidade este ano \u00e9 que o processo inicial poder\u00e1 ser realizado virtualmente pelo site da Escola Firjan SESI:&nbsp;<a rel=\"noreferrer noopener\" target=\"_blank\" href=\"https:\/\/nam02.safelinks.protection.outlook.com\/?url=https%3A%2F%2Fescolafirjansesi.com.br%2Fescolasesi%2Feducacao-infantil-e-ensino-fundamental%2Fmatriculas&amp;data=04%7C01%7CCFARAUJO%40firjan.com.br%7C9685dd747fe2479809b808d870740fec%7Cd0c698d4e4ea4ee9a79df2d7a78399c8%7C0%7C0%7C637382991461392398%7CUnknown%7CTWFpbGZsb3d8eyJWIjoiMC4wLjAwMDAiLCJQIjoiV2luMzIiLCJBTiI6Ik1haWwiLCJXVCI6Mn0%3D%7C1000&amp;sdata=zlnT%2FJU4nTJ3jHsIJKxCSFfDY6eqxLHbXN6FL80VwTo%3D&amp;reserved=0\">&nbsp;www.escolafirjansesi.com.br\/matriculas<\/a>.<\/p>\n\n\n\n<p>No site, os pais v\u00e3o cadastrar o interesse na matr\u00edcula e, em seguida, ser\u00e3o convidados, junto com os futuros alunos, para uma reuni\u00e3o de intera\u00e7\u00e3o on-line com a equipe pedag\u00f3gica, al\u00e9m de uma visita virtual \u00e0 escola. O primeiro contato tamb\u00e9m pode ser atrav\u00e9s de uma reuni\u00e3o presencial e de uma visita guiada, respeitando os protocolos de seguran\u00e7a e distanciamento devido ao novo coronav\u00edrus.<\/p>\n\n\n\n<p>De acordo com Giovanni Lima, gerente de Educa\u00e7\u00e3o B\u00e1sica da Firjan SESI, partindo de uma perspectiva de acolhimento e aproxima\u00e7\u00e3o, o objetivo \u00e9 conversar com professores e conhecer a metodologia, os diferenciais e compreender o projeto da escola, que programou o rein\u00edcio das aulas para 03\/02\/2021.\u201cNingu\u00e9m escolhe uma escola para o filho sem conhecer as pessoas que est\u00e3o envolvidas, o projeto que est\u00e1 sendo desenvolvido e a proposta de educa\u00e7\u00e3o que \u00e9 defendida\u201d, afirma Giovanni, ao explicar a import\u00e2ncia desse primeiro contato com a unidade.<\/p>\n\n\n\n<p>Vale destacar que a matr\u00edcula precisa ser efetivada na unidade at\u00e9 a data limite referente a cada uma.<\/p>\n\n\n\n<p><strong>Calend\u00e1rio<\/strong><\/p>\n\n\n\n<p><strong>Matr\u00edculas Novas:<\/strong><\/p>\n\n\n\n<p>De 03\/11\/2020 at\u00e9 31\/03\/2021, com exce\u00e7\u00e3o das escolas com vagas ociosas atualmente, que j\u00e1 poder\u00e3o realizar as matr\u00edculas novas a partir de 05\/10\/2020.<\/p>\n\n\n\n<p><strong>O Industri\u00e1rio do Futuro<\/strong><\/p>\n\n\n\n<p>A Firjan SESI tem escolas com foco no Ensino Fundamental e Ensino M\u00e9dio, somando cerca de 8 mil alunos e 500 professores, distribu\u00eddos em 14 unidades. Segundo Regina Malta, gerente geral de Educa\u00e7\u00e3o&nbsp;da Firjan, a proposta da escola vem se definindo no contexto de uma transforma\u00e7\u00e3o profunda da sociedade e da ind\u00fastria, que muitos caracterizam como a 4\u00aa Revolu\u00e7\u00e3o Industrial. Sendo assim, \u00e9 uma proposta que se apoia na abordagem STEAM, na fundamenta\u00e7\u00e3o cient\u00edfica associada \u00e0 voca\u00e7\u00e3o tecnol\u00f3gica, com \u00eanfase na engenhosidade e tamb\u00e9m no desenvolvimento da criticidade, da criatividade e na capacidade de inova\u00e7\u00e3o.<\/p>\n\n\n\n<p>Ao longo das duas etapas do Ensino Fundamental, o trabalho se desenvolve com projetos inovadores nas \u00e1reas de matem\u00e1tica, leitura, artes, ci\u00eancias humanas e naturais e culmina com o Ensino M\u00e9dio associado a um curso t\u00e9cnico da Firjan SENAI, consoante \u00e0 voca\u00e7\u00e3o da institui\u00e7\u00e3o e da ind\u00fastria.<\/p>\n\n\n\n<p>Pensando a rob\u00f3tica como instrumento pedag\u00f3gico, a Escola Firjan SESI investe nesse diferencial para propor desafios, estimular a criatividade e desenvolver a capacidade de solucionar problemas. O trabalho com a rob\u00f3tica envolve pesquisa, explora\u00e7\u00e3o da tecnologia e programa\u00e7\u00e3o.<\/p>\n\n\n\n<p>As atividades maker s\u00e3o essenciais para a abordagem integrada de ci\u00eancias, artes e tecnologia, e o programa Firjan SESI Matem\u00e1tica&nbsp;associa gamifica\u00e7\u00e3o, investiga\u00e7\u00e3o e criticidade, para dar \u00e0 mat\u00e9ria uma perspectiva instigante e desafiadora, com vistas a potencializar o desenvolvimento das compet\u00eancias l\u00f3gico-matem\u00e1ticas dos alunos.<\/p>\n\n\n\n<p>Por outro lado, o projeto pedag\u00f3gico visa o pleno desenvolvimento humano de seus estudantes, envolvendo aspectos cognitivos, afetivos e sociais, e a arte entra para potencializar a sensibilidade e a criatividade. \u201cCom uma proposta educacional s\u00f3lida, aliada a programas constitu\u00eddos&nbsp;para desenvolver uma postura investigativa e de forma\u00e7\u00e3o de esp\u00edrito cr\u00edtico, a Escola Firjan SESI desenvolve atividades e projetos que personalizam a experi\u00eancia de aprendizagem dos estudantes, de&nbsp;acordo com cada etapa de ensino\u201d, explica Giovanni Lima, gerente de Educa\u00e7\u00e3o B\u00e1sica da institui\u00e7\u00e3o.<\/p>\n\n\n\n<p>Al\u00e9m disso, contribuindo de forma diferenciada para a forma\u00e7\u00e3o integral do aluno, o Curso T\u00e9cnico da Firjan SENAI, que acontece em paralelo ao Ensino M\u00e9dio, amplia as possibilidades de escolha de futuro, favorecendo a inser\u00e7\u00e3o no mundo do trabalho ou o acesso ao ensino superior.<\/p>\n\n\n\n<p>Esse n\u00edvel, especificamente por sua afinidade direta com o foco da ind\u00fastria, integra a oferta gratuita da Firjan SESI SENAI. Nos pr\u00f3ximos meses ser\u00e1 lan\u00e7ado o edital de acesso, preferencialmente para dependentes de industri\u00e1rios, considerando o crit\u00e9rio de baixa&nbsp;renda, conforme exig\u00eancia do Regulamento do SESI e Regimento do SENAI.<strong><\/strong><\/p>\n","protected":false},"excerpt":{"rendered":"<p>Est\u00e1 aberta a campanha de matr\u00edculas e rematr\u00edculas da Escola Firjan SESI de 2021 para<\/p>\n","protected":false},"author":2,"featured_media":3354,"comment_status":"open","ping_status":"open","sticky":false,"template":"","format":"standard","meta":{"footnotes":""},"categories":[19],"tags":[],"class_list":["post-3353","post","type-post","status-publish","format-standard","has-post-thumbnail","hentry","category-educacao"],"_links":{"self":[{"href":"https:\/\/tvc16.com\/portal\/wp-json\/wp\/v2\/posts\/3353","targetHints":{"allow":["GET"]}}],"collection":[{"href":"https:\/\/tvc16.com\/portal\/wp-json\/wp\/v2\/posts"}],"about":[{"href":"https:\/\/tvc16.com\/portal\/wp-json\/wp\/v2\/types\/post"}],"author":[{"embeddable":true,"href":"https:\/\/tvc16.com\/portal\/wp-json\/wp\/v2\/users\/2"}],"replies":[{"embeddable":true,"href":"https:\/\/tvc16.com\/portal\/wp-json\/wp\/v2\/comments?post=3353"}],"version-history":[{"count":1,"href":"https:\/\/tvc16.com\/portal\/wp-json\/wp\/v2\/posts\/3353\/revisions"}],"predecessor-version":[{"id":3355,"href":"https:\/\/tvc16.com\/portal\/wp-json\/wp\/v2\/posts\/3353\/revisions\/3355"}],"wp:featuredmedia":[{"embeddable":true,"href":"https:\/\/tvc16.com\/portal\/wp-json\/wp\/v2\/media\/3354"}],"wp:attachment":[{"href":"https:\/\/tvc16.com\/portal\/wp-json\/wp\/v2\/media?parent=3353"}],"wp:term":[{"taxonomy":"category","embeddable":true,"href":"https:\/\/tvc16.com\/portal\/wp-json\/wp\/v2\/categories?post=3353"},{"taxonomy":"post_tag","embeddable":true,"href":"https:\/\/tvc16.com\/portal\/wp-json\/wp\/v2\/tags?post=3353"}],"curies":[{"name":"wp","href":"https:\/\/api.w.org\/{rel}","templated":true}]}}