{"id":3356,"date":"2020-10-21T14:57:57","date_gmt":"2020-10-21T14:57:57","guid":{"rendered":"https:\/\/tvc16.com\/portal\/?p=3356"},"modified":"2020-10-21T14:57:57","modified_gmt":"2020-10-21T14:57:57","slug":"estado-do-rj-registra-menor-numero-de-homicidios-dolosos-desde-1991","status":"publish","type":"post","link":"https:\/\/tvc16.com\/portal\/2020\/10\/21\/estado-do-rj-registra-menor-numero-de-homicidios-dolosos-desde-1991\/","title":{"rendered":"Estado do RJ registra menor n\u00famero de homic\u00eddios dolosos desde 1991"},"content":{"rendered":"\n<p><br><em>Queda de 24% em setembro deste ano mant\u00e9m a tend\u00eancia de redu\u00e7\u00e3o do indicador<\/em><\/p>\n\n\n\n<p><br>Os homic\u00eddios dolosos no estado do Rio de Janeiro registraram queda de 24% em setembro deste ano, na compara\u00e7\u00e3o com o mesmo m\u00eas do ano passado. Este \u00e9 o menor n\u00famero desde o in\u00edcio da s\u00e9rie hist\u00f3rica, iniciada em 1991 pelo Instituto de Seguran\u00e7a P\u00fablica (ISP). Foram 237 v\u00edtimas em setembro deste ano, contra 310, em 2019. A tend\u00eancia de queda deste crime em todo o estado se intensificou a partir de abril de 2020.<\/p>\n\n\n\n<p>Os homic\u00eddios dolosos tamb\u00e9m apresentaram diminui\u00e7\u00e3o de 21% no \u00faltimo trimestre (julho, agosto e setembro) em rela\u00e7\u00e3o ao per\u00edodo similar do ano passado. Na compara\u00e7\u00e3o com 2019, o indicador registrou redu\u00e7\u00e3o de 13% no acumulado do ano.<\/p>\n\n\n\n<p>O ISP ainda registrou o menor n\u00famero de latroc\u00ednios (roubo seguido de \u00f3bito) da s\u00e9rie hist\u00f3rica nos nove primeiros meses de 2020, em rela\u00e7\u00e3o ao mesmo per\u00edodo do ano passado. Foram 65 casos contabilizados de janeiro a setembro, contra 94 em 9 meses de 2019.<\/p>\n\n\n\n<p><strong>Outros indicadores estrat\u00e9gicos<\/strong><br>Entre os crimes violentos letais intencionais (homic\u00eddio doloso, roubo seguido de morte e les\u00e3o corporal seguida de morte), foram registrados 2.738 casos nos nove primeiros meses de 2020 e 246 em setembro, sendo os menores, tanto para o acumulado do ano quanto para o m\u00eas, desde o in\u00edcio da s\u00e9rie hist\u00f3rica, em 1999. Na compara\u00e7\u00e3o com 2019, o indicador apresentou queda de 13% em rela\u00e7\u00e3o ao ano e de 24% em compara\u00e7\u00e3o com setembro.<\/p>\n\n\n\n<p>Em mortes por interven\u00e7\u00e3o de agentes do Estado, foram 930 v\u00edtimas nos nove primeiros meses de 2020 e 52 em setembro, redu\u00e7\u00e3o de 34% em rela\u00e7\u00e3o ao acumulado de 2019 e de 66% quando comparado a setembro.<\/p>\n\n\n\n<p>Em roubo de carga, foram 3.838 casos nos nove primeiros meses de 2020 e 322 em setembro, representando diminui\u00e7\u00e3o de 33% em rela\u00e7\u00e3o ao acumulado de 2019 e de 31% sob setembro.<\/p>\n\n\n\n<p>J\u00e1 em roubos de ve\u00edculos, foram 19.149 ocorr\u00eancias nos nove primeiros meses de 2020 e 1.742 em setembro, registrando queda de 37% em rela\u00e7\u00e3o ao acumulado de 2019 e de 33% quando comparado a setembro.<\/p>\n\n\n\n<p>Por fim, em roubos de rua (roubo a transeunte, roubo de aparelho celular e roubo em coletivo), foram registradas 54.673 ocorr\u00eancias nos nove primeiros meses de 2020 e 5.472 em setembro, uma redu\u00e7\u00e3o de 42% no acumulado de 2019 e de 38% em rela\u00e7\u00e3o a setembro.<\/p>\n\n\n\n<p>Os dados divulgados pelo Instituto de Seguran\u00e7a P\u00fablica (ISP) s\u00e3o referentes aos registros de ocorr\u00eancia lavrados nas delegacias de Pol\u00edcia Civil do Estado do Rio de Janeiro no m\u00eas de setembro.<br>&#8212;<\/p>\n","protected":false},"excerpt":{"rendered":"<p>Queda de 24% em setembro deste ano mant\u00e9m a tend\u00eancia de redu\u00e7\u00e3o do indicador Os<\/p>\n","protected":false},"author":2,"featured_media":3357,"comment_status":"open","ping_status":"open","sticky":false,"template":"","format":"standard","meta":{"footnotes":""},"categories":[17],"tags":[],"class_list":["post-3356","post","type-post","status-publish","format-standard","has-post-thumbnail","hentry","category-outras-noticias"],"_links":{"self":[{"href":"https:\/\/tvc16.com\/portal\/wp-json\/wp\/v2\/posts\/3356","targetHints":{"allow":["GET"]}}],"collection":[{"href":"https:\/\/tvc16.com\/portal\/wp-json\/wp\/v2\/posts"}],"about":[{"href":"https:\/\/tvc16.com\/portal\/wp-json\/wp\/v2\/types\/post"}],"author":[{"embeddable":true,"href":"https:\/\/tvc16.com\/portal\/wp-json\/wp\/v2\/users\/2"}],"replies":[{"embeddable":true,"href":"https:\/\/tvc16.com\/portal\/wp-json\/wp\/v2\/comments?post=3356"}],"version-history":[{"count":1,"href":"https:\/\/tvc16.com\/portal\/wp-json\/wp\/v2\/posts\/3356\/revisions"}],"predecessor-version":[{"id":3358,"href":"https:\/\/tvc16.com\/portal\/wp-json\/wp\/v2\/posts\/3356\/revisions\/3358"}],"wp:featuredmedia":[{"embeddable":true,"href":"https:\/\/tvc16.com\/portal\/wp-json\/wp\/v2\/media\/3357"}],"wp:attachment":[{"href":"https:\/\/tvc16.com\/portal\/wp-json\/wp\/v2\/media?parent=3356"}],"wp:term":[{"taxonomy":"category","embeddable":true,"href":"https:\/\/tvc16.com\/portal\/wp-json\/wp\/v2\/categories?post=3356"},{"taxonomy":"post_tag","embeddable":true,"href":"https:\/\/tvc16.com\/portal\/wp-json\/wp\/v2\/tags?post=3356"}],"curies":[{"name":"wp","href":"https:\/\/api.w.org\/{rel}","templated":true}]}}