{"id":3359,"date":"2020-10-21T15:00:22","date_gmt":"2020-10-21T15:00:22","guid":{"rendered":"https:\/\/tvc16.com\/portal\/?p=3359"},"modified":"2020-10-21T15:00:22","modified_gmt":"2020-10-21T15:00:22","slug":"semana-de-ciencia-e-tecnologia-e-celebrada-com-evento-pelo-governo-do-estado-do-rj","status":"publish","type":"post","link":"https:\/\/tvc16.com\/portal\/2020\/10\/21\/semana-de-ciencia-e-tecnologia-e-celebrada-com-evento-pelo-governo-do-estado-do-rj\/","title":{"rendered":"Semana de Ci\u00eancia e Tecnologia \u00e9 celebrada com evento pelo Governo do Estado do RJ"},"content":{"rendered":"\n<p><br><em>Tema deste ano, Intelig\u00eancia Artificial ser\u00e1 abordada em uma s\u00e9rie de pain\u00e9is e confer\u00eancias<br><\/em><br>\u00a0\u201cIntelig\u00eancia Artificial (IA): A Nova Fronteira da Ci\u00eancia Brasileira\u201d. Este \u00e9 o tema da Semana Nacional de Ci\u00eancia e Tecnologia (SNCT), que acontece anualmente no m\u00eas de outubro, com o objetivo de difundir e popularizar a ci\u00eancia no pa\u00eds. Para esta 17\u00aa edi\u00e7\u00e3o, a Secretaria de Estado de Ci\u00eancia, Tecnologia e Inova\u00e7\u00e3o (Secti) preparou uma programa\u00e7\u00e3o virtual em conjunto com o Centro de Ci\u00eancias e Educa\u00e7\u00e3o Superior a Dist\u00e2ncia do Estado do Rio de Janeiro (Cedierj), entre esta quarta (21\/10) e sexta-feira (23\/10).<br>O evento ter\u00e1 15 pain\u00e9is (v\u00eddeos de curta dura\u00e7\u00e3o) e 6 confer\u00eancias (apresenta\u00e7\u00f5es ao vivo), ministrados por membros de institui\u00e7\u00f5es vinculadas \u00e0 Secti, que ser\u00e3o transmitidos pela plataforma interativa do eMuseu do Esporte (veja programa\u00e7\u00e3o abaixo). Para ter acesso aos pain\u00e9is basta acessar o site\u00a0<a rel=\"noreferrer noopener\" target=\"_blank\" href=\"https:\/\/is.gd\/emuseudoesportepaineis\">https:\/\/is.gd\/emuseudoesportepaineis<\/a>. J\u00e1 as confer\u00eancias estar\u00e3o dispon\u00edveis no link\u00a0<a rel=\"noreferrer noopener\" target=\"_blank\" href=\"https:\/\/is.gd\/conferenciasemuseudoesporte\">https:\/\/is.gd\/conferenciasemuseudoesporte<\/a>.<br>&#8211; A populariza\u00e7\u00e3o da ci\u00eancia e da tecnologia \u00e9 a chave para encontrarmos solu\u00e7\u00f5es simples e eficazes para nossas vidas. Al\u00e9m disso, estamos falando de um setor estrat\u00e9gico para o desenvolvimento socioecon\u00f4mico do nosso estado &#8211; afirma a secret\u00e1ria de Ci\u00eancia, Tecnologia e Inova\u00e7\u00e3o, Maria Isabel de Castro.\u00a0 \u00a0<br>O evento ainda apresentar\u00e1 uma pr\u00e9via do que vai acontecer na Feira de Ci\u00eancia, Tecnologia e Inova\u00e7\u00e3o do Estado do Rio de Janeiro (Fecti), que ser\u00e1 realizada pelo Cecierj em dezembro.<br>Se o participante tiver interesse em adquirir um certificado de 24 horas complementares, deve se inscrever pelo link\u00a0<a rel=\"noreferrer noopener\" target=\"_blank\" href=\"http:\/\/inovuerj.sr2.uerj.br\/secti_inscricao\/\">http:\/\/inovuerj.sr2.uerj.br\/secti_inscricao\/<\/a>.\u00a0<\/p>\n\n\n\n<p><strong>Programa\u00e7\u00e3o<\/strong><br><strong>Pain\u00e9is:<\/strong><br>Intelig\u00eancia Artificial e os desafios na Seguran\u00e7a P\u00fablica &#8211; Angela Dias MendesInternet das coisas &#8211; Alexandre SztajnbergIntrodu\u00e7\u00e3o \u00e0 IA &#8211; Marinilza Bruno de CarvalhoSa\u00fade e otimiza\u00e7\u00e3o de recursos &#8211; Karla FigueiredoOportunidades e neg\u00f3cios na era da Intelig\u00eancia Artificial &#8211; Esteban Walter Gonzales Clua&nbsp;A evolu\u00e7\u00e3o dos artefatos de Rob\u00f3tica &#8211; C\u00e9sar Augusto Rangel BastosSistemas aut\u00f4nomos e inteligentes de rob\u00f3tica &#8211; Paulo Fernando Ferreira RosaIoT e a dissemina\u00e7\u00e3o do uso de microcontroladores &#8211; Fl\u00e1vio Dumortout de Mendon\u00e7a J\u00faniorLI-FI A Nova Revolu\u00e7\u00e3o de Transmiss\u00e3o de Dados &#8211; Luiz L\u00facio de Arag\u00e3o PedrosoBlockchain para \u00e1rea da sa\u00fade &#8211; Leonardo Moreira de OliveiraUX ou rob\u00f4 de rede social &#8211; Marcos SeruffoIntelig\u00eancia Artificial e Propriedade Intelectual &#8211; Renata Angeli<br><strong>Confer\u00eancias:<\/strong><br>21\/1010h &#8211; Top 5: Curiosidades cient\u00edficas da s\u00e9rie DARK &#8211; Willian Abreu14h &#8211; Escrevendo um projeto de pesquisa &#8211; Chrystian Carletti<br>22\/1010h &#8211; Experi\u00eancias de inclus\u00e3o na divulga\u00e7\u00e3o cient\u00edfica &#8211; Rodrigo da Rocha Machado14h &#8211; Introdu\u00e7\u00e3o \u00e0 biologia viral &#8211; Laura Cordioli e Tayana Galv\u00e3o<br>23\/1010h &#8211; Oficina Conversa sobre as quatro opera\u00e7\u00f5es &#8211; Rosana Gomes Bernardo14h &#8211; Pesquisa Cient\u00edfica: o que \u00e9 e como se faz &#8211; Alessandra Mendon\u00e7a Teles de Souza<\/p>\n","protected":false},"excerpt":{"rendered":"<p>Tema deste ano, Intelig\u00eancia Artificial ser\u00e1 abordada em uma s\u00e9rie de pain\u00e9is e confer\u00eancias\u00a0\u201cIntelig\u00eancia Artificial<\/p>\n","protected":false},"author":2,"featured_media":3360,"comment_status":"open","ping_status":"open","sticky":false,"template":"","format":"standard","meta":{"footnotes":""},"categories":[16],"tags":[],"class_list":["post-3359","post","type-post","status-publish","format-standard","has-post-thumbnail","hentry","category-colunistas"],"_links":{"self":[{"href":"https:\/\/tvc16.com\/portal\/wp-json\/wp\/v2\/posts\/3359","targetHints":{"allow":["GET"]}}],"collection":[{"href":"https:\/\/tvc16.com\/portal\/wp-json\/wp\/v2\/posts"}],"about":[{"href":"https:\/\/tvc16.com\/portal\/wp-json\/wp\/v2\/types\/post"}],"author":[{"embeddable":true,"href":"https:\/\/tvc16.com\/portal\/wp-json\/wp\/v2\/users\/2"}],"replies":[{"embeddable":true,"href":"https:\/\/tvc16.com\/portal\/wp-json\/wp\/v2\/comments?post=3359"}],"version-history":[{"count":1,"href":"https:\/\/tvc16.com\/portal\/wp-json\/wp\/v2\/posts\/3359\/revisions"}],"predecessor-version":[{"id":3361,"href":"https:\/\/tvc16.com\/portal\/wp-json\/wp\/v2\/posts\/3359\/revisions\/3361"}],"wp:featuredmedia":[{"embeddable":true,"href":"https:\/\/tvc16.com\/portal\/wp-json\/wp\/v2\/media\/3360"}],"wp:attachment":[{"href":"https:\/\/tvc16.com\/portal\/wp-json\/wp\/v2\/media?parent=3359"}],"wp:term":[{"taxonomy":"category","embeddable":true,"href":"https:\/\/tvc16.com\/portal\/wp-json\/wp\/v2\/categories?post=3359"},{"taxonomy":"post_tag","embeddable":true,"href":"https:\/\/tvc16.com\/portal\/wp-json\/wp\/v2\/tags?post=3359"}],"curies":[{"name":"wp","href":"https:\/\/api.w.org\/{rel}","templated":true}]}}