{"id":3362,"date":"2020-10-21T15:02:31","date_gmt":"2020-10-21T15:02:31","guid":{"rendered":"https:\/\/tvc16.com\/portal\/?p=3362"},"modified":"2020-10-21T15:02:31","modified_gmt":"2020-10-21T15:02:31","slug":"secretaria-de-estado-de-cultura-apoia-encontro-de-cinema-negro-zozimo-bulbul","status":"publish","type":"post","link":"https:\/\/tvc16.com\/portal\/2020\/10\/21\/secretaria-de-estado-de-cultura-apoia-encontro-de-cinema-negro-zozimo-bulbul\/","title":{"rendered":"Secretaria de Estado de Cultura apoia Encontro de Cinema Negro Z\u00f3zimo Bulbul"},"content":{"rendered":"\n<p><em>Projeto \u00e9 patrocinado por meio de Lei de Incentivo \u00e0 Cultura e acontece entre 21 e 30 de outubro<\/em><\/p>\n\n\n\n<p>O Encontro de Cinema Negro Z\u00f3zimo Bulbul &#8211; Brasil, \u00c1frica, Caribe e Outras Di\u00e1sporas, que desde 2007 re\u00fane na cidade Rio de Janeiro diretores, cineastas e amantes do cinema negro, ter\u00e1 edi\u00e7\u00e3o virtual em 2020. Ser\u00e3o 10 dias, com 36 sess\u00f5es cada, divididas entre curtas, m\u00e9dias e longas metragens, totalizando 130 filmes, al\u00e9m de cursos e webinars gratuitos. O evento ser\u00e1 realizado a partir desta quarta-feira (21\/10) e vai at\u00e9 o dia 30 de outubro. Toda a programa\u00e7\u00e3o est\u00e1 dispon\u00edvel no site&nbsp;<a rel=\"noreferrer noopener\" target=\"_blank\" href=\"http:\/\/www.afrocariocadecinema.org.br\/\">www.afrocariocadecinema.org.br<\/a>, na plataforma INSSAEI e no Facebook do evento (<a rel=\"noreferrer noopener\" target=\"_blank\" href=\"https:\/\/www.facebook.com\/CentroAfroCariocadeCinemaZozimoBulbul\/\">https:\/\/www.facebook.com\/CentroAfroCariocadeCinemaZozimoBulbul\/<\/a>). Os organizadores esperam receber 1.200 pessoas em cada sess\u00e3o.&nbsp;<br>Com patroc\u00ednio da Enel, por meio da Lei Estadual de Incentivo \u00e0 Cultura da Secretaria de Estado de Cultura e Economia Criativa do Rio, a edi\u00e7\u00e3o 2020 ter\u00e1 como um dos destaques a rela\u00e7\u00e3o do cinema com suas trilhas sonoras. Tamb\u00e9m ser\u00e1 realizada uma homenagem aos 60 anos da independ\u00eancia do Mali, com um bate-papo com o cineasta malin\u00eas Souleymane Ciss\u00e9, de 80 anos, reconhecido pelo elogiado &#8220;Finy\u00e9 e Baara&#8221;.&nbsp;<br>Para Jana\u00edna Oliveira, uma das curadoras do encontro, seu estilo e liberdade nas estrat\u00e9gias narrativas mostram a qualidade incontest\u00e1vel de seus filmes, que proporcionam uma oportunidade \u00fanica de viajar na hist\u00f3ria e perceber as transforma\u00e7\u00f5es na trajet\u00f3ria das cinematografias africanas.&nbsp; &nbsp;<br><strong>Cursos e master class<\/strong><br>Al\u00e9m das sess\u00f5es com os filmes, o evento oferecer\u00e1 cursos e master classes gratuitos, promovendo a troca de experi\u00eancias entre os mais diversos olhares e perspectivas. As inscri\u00e7\u00f5es podem ser feitas antecipadamente nos canais de comunica\u00e7\u00e3o do festival.&nbsp;<br>Uma das novidades desta edi\u00e7\u00e3o ser\u00e1 a Gira de Projetos Z\u00f3zimo Bulbul, destinada a roteiristas. A Gira consiste na sele\u00e7\u00e3o de tr\u00eas projetos de curta, longa e obra seriada, somando nove no total, para participarem de um pitching (apresenta\u00e7\u00f5es curtas), que selecionar\u00e1 um de cada categoria para o recebimento de bolsas e mentorias.<\/p>\n\n\n\n<p><strong>Hist\u00f3ria<\/strong><br>Em 2020, Z\u00f3zimo Bulbul (1937-2013) completaria 83 anos. Ele foi o fundador do encontro, que acontece desde 2007 e \u00e9 realizado anualmente. O evento re\u00fane profissionais do audiovisual em um espa\u00e7o que se prop\u00f5e a ser, al\u00e9m de um festival de cinema, um local para troca de informa\u00e7\u00e3o e conhecimento, fundamentais para a forma\u00e7\u00e3o de cineastas negros brasileiros, africanos, caribenhos e das Am\u00e9ricas.<br><strong>Servi\u00e7o<\/strong><br>Encontro de Cinema Negro Z\u00f3zimo Bulbul &#8211; Brasil, \u00c1frica, Caribe e Outras Di\u00e1sporas 2020Data: Entre quarta-feira (21) e sexta-feira (30)Eventos e Inscri\u00e7\u00f5es:&nbsp;<a rel=\"noreferrer noopener\" target=\"_blank\" href=\"http:\/\/www.afrocariocadecinema.org.br\/\">www.afrocariocadecinema.org.br<\/a>.<a rel=\"noreferrer noopener\" target=\"_blank\" href=\"https:\/\/www.facebook.com\/CentroAfroCariocadeCinemaZozimoBulbul\/\">https:\/\/www.facebook.com\/CentroAfroCariocadeCinemaZozimoBulbul\/<\/a><\/p>\n","protected":false},"excerpt":{"rendered":"<p>Projeto \u00e9 patrocinado por meio de Lei de Incentivo \u00e0 Cultura e acontece entre 21<\/p>\n","protected":false},"author":2,"featured_media":3363,"comment_status":"open","ping_status":"open","sticky":false,"template":"","format":"standard","meta":{"footnotes":""},"categories":[21],"tags":[],"class_list":["post-3362","post","type-post","status-publish","format-standard","has-post-thumbnail","hentry","category-cultura"],"_links":{"self":[{"href":"https:\/\/tvc16.com\/portal\/wp-json\/wp\/v2\/posts\/3362","targetHints":{"allow":["GET"]}}],"collection":[{"href":"https:\/\/tvc16.com\/portal\/wp-json\/wp\/v2\/posts"}],"about":[{"href":"https:\/\/tvc16.com\/portal\/wp-json\/wp\/v2\/types\/post"}],"author":[{"embeddable":true,"href":"https:\/\/tvc16.com\/portal\/wp-json\/wp\/v2\/users\/2"}],"replies":[{"embeddable":true,"href":"https:\/\/tvc16.com\/portal\/wp-json\/wp\/v2\/comments?post=3362"}],"version-history":[{"count":1,"href":"https:\/\/tvc16.com\/portal\/wp-json\/wp\/v2\/posts\/3362\/revisions"}],"predecessor-version":[{"id":3364,"href":"https:\/\/tvc16.com\/portal\/wp-json\/wp\/v2\/posts\/3362\/revisions\/3364"}],"wp:featuredmedia":[{"embeddable":true,"href":"https:\/\/tvc16.com\/portal\/wp-json\/wp\/v2\/media\/3363"}],"wp:attachment":[{"href":"https:\/\/tvc16.com\/portal\/wp-json\/wp\/v2\/media?parent=3362"}],"wp:term":[{"taxonomy":"category","embeddable":true,"href":"https:\/\/tvc16.com\/portal\/wp-json\/wp\/v2\/categories?post=3362"},{"taxonomy":"post_tag","embeddable":true,"href":"https:\/\/tvc16.com\/portal\/wp-json\/wp\/v2\/tags?post=3362"}],"curies":[{"name":"wp","href":"https:\/\/api.w.org\/{rel}","templated":true}]}}