{"id":3365,"date":"2020-10-21T15:04:42","date_gmt":"2020-10-21T15:04:42","guid":{"rendered":"https:\/\/tvc16.com\/portal\/?p=3365"},"modified":"2020-10-21T15:04:42","modified_gmt":"2020-10-21T15:04:42","slug":"vacina-chinesa","status":"publish","type":"post","link":"https:\/\/tvc16.com\/portal\/2020\/10\/21\/vacina-chinesa\/","title":{"rendered":"Vacina chinesa"},"content":{"rendered":"\n<p>Ap\u00f3s o ministro da Sa\u00fade, Eduardo Pazuello, anunciar que o governo havia firmado um acordo para comprar\u00a0<strong><a rel=\"noreferrer noopener\" target=\"_blank\" href=\"http:\/\/click.emailabril.com.br\/?qs=b0b90250317ea2e62daf787480f1a76a96957879cc30abd247df76aae4bc1053ce6a1b36887d361cc6a90937a99250e0811a2111a566aef2\">46 milh\u00f5es de doses<\/a><\/strong>\u00a0da vacina CoronaVac (produzida pela\u00a0Sinovac em parceria com o Instituto Butantan, em S\u00e3o Paulo), o presidente Jair Bolsonaro\u00a0<strong><a rel=\"noreferrer noopener\" target=\"_blank\" href=\"http:\/\/click.emailabril.com.br\/?qs=b0b90250317ea2e6fea74ab51e16642eb13603915113f300b3002ca936474e748b9456ee39d88ce9c51472b3cba018d3b7719fdf45c767e1\">desautorizou<\/a>\u00a0<\/strong>a aquisi\u00e7\u00e3o e convocou uma reuni\u00e3o com o chefe da Sa\u00fade para cobrar explica\u00e7\u00f5es. Para o Planalto, o ministro ofereceu a Jo\u00e3o Doria &#8220;o grande palanque nacional da vacina&#8221;. Nas redes sociais, o presidente ressaltou que o imunizante chin\u00eas &#8220;n\u00e3o ser\u00e1 comprado&#8221;. Pazuello\u00a0<strong><a rel=\"noreferrer noopener\" target=\"_blank\" href=\"http:\/\/click.emailabril.com.br\/?qs=b0b90250317ea2e6330da560404c19888d3ca3c68fcbd3f6da4cc62dd95770337c9d17b2d6dd11a674b250c50c982e76c8ed6787ed6a6289\">havia dito<\/a><\/strong>\u00a0que o governo investiria 1,9 bilh\u00e3o de reais na aquisi\u00e7\u00e3o do produto, al\u00e9m de frisar que essa seria a\u00a0<a>&#8220;vacina brasileira&#8221;<\/a>.<\/p>\n\n\n\n<p>Fonte: Veja Cononav\u00edrus<\/p>\n","protected":false},"excerpt":{"rendered":"<p>Ap\u00f3s o ministro da Sa\u00fade, Eduardo Pazuello, anunciar que o governo havia firmado um acordo<\/p>\n","protected":false},"author":2,"featured_media":3366,"comment_status":"open","ping_status":"open","sticky":false,"template":"","format":"standard","meta":{"footnotes":""},"categories":[13],"tags":[],"class_list":["post-3365","post","type-post","status-publish","format-standard","has-post-thumbnail","hentry","category-saude"],"_links":{"self":[{"href":"https:\/\/tvc16.com\/portal\/wp-json\/wp\/v2\/posts\/3365","targetHints":{"allow":["GET"]}}],"collection":[{"href":"https:\/\/tvc16.com\/portal\/wp-json\/wp\/v2\/posts"}],"about":[{"href":"https:\/\/tvc16.com\/portal\/wp-json\/wp\/v2\/types\/post"}],"author":[{"embeddable":true,"href":"https:\/\/tvc16.com\/portal\/wp-json\/wp\/v2\/users\/2"}],"replies":[{"embeddable":true,"href":"https:\/\/tvc16.com\/portal\/wp-json\/wp\/v2\/comments?post=3365"}],"version-history":[{"count":1,"href":"https:\/\/tvc16.com\/portal\/wp-json\/wp\/v2\/posts\/3365\/revisions"}],"predecessor-version":[{"id":3367,"href":"https:\/\/tvc16.com\/portal\/wp-json\/wp\/v2\/posts\/3365\/revisions\/3367"}],"wp:featuredmedia":[{"embeddable":true,"href":"https:\/\/tvc16.com\/portal\/wp-json\/wp\/v2\/media\/3366"}],"wp:attachment":[{"href":"https:\/\/tvc16.com\/portal\/wp-json\/wp\/v2\/media?parent=3365"}],"wp:term":[{"taxonomy":"category","embeddable":true,"href":"https:\/\/tvc16.com\/portal\/wp-json\/wp\/v2\/categories?post=3365"},{"taxonomy":"post_tag","embeddable":true,"href":"https:\/\/tvc16.com\/portal\/wp-json\/wp\/v2\/tags?post=3365"}],"curies":[{"name":"wp","href":"https:\/\/api.w.org\/{rel}","templated":true}]}}