{"id":3368,"date":"2020-10-21T15:06:39","date_gmt":"2020-10-21T15:06:39","guid":{"rendered":"https:\/\/tvc16.com\/portal\/?p=3368"},"modified":"2020-10-21T15:06:39","modified_gmt":"2020-10-21T15:06:39","slug":"prefeito-empreendedor-como-eleitos-e-eleitas-em-novembro-podem-ajudar-no-desenvolvimento-do-municipio-2","status":"publish","type":"post","link":"https:\/\/tvc16.com\/portal\/2020\/10\/21\/prefeito-empreendedor-como-eleitos-e-eleitas-em-novembro-podem-ajudar-no-desenvolvimento-do-municipio-2\/","title":{"rendered":"Prefeito Empreendedor: como eleitos e eleitas em novembro podem ajudar no desenvolvimento do munic\u00edpio"},"content":{"rendered":"\n<p>Na campanha eleitoral, a criatividade pode contar muitos pontos. Com o pleito municipal se aproximando, muitos nomes chamam a aten\u00e7\u00e3o. Alguns despertam curiosidade porque focam em pautas que podem instigar o eleitorado, como Luiz Empreendedor e Luzia do Empreendedorismo. Nomes assim, que levam a bandeira do empreendedorismo, s\u00e3o registrados em apenas seis cidades espalhadas por cinco estados brasileiros. Mas afinal: por que \u00e9 importante incluir um tema como esse na campanha para as Elei\u00e7\u00f5es 2020?<\/p>\n\n\n\n<p>O presidente do Servi\u00e7o Brasileiro de Apoio \u00e0s Micro e Pequenas Empresas (Sebrae), Carlos Melles, explica. \u201cO Sebrae quer estimular a popula\u00e7\u00e3o no debate do empreendedorismo na campanha pol\u00edtica, a escolher bem o candidato empreendedor, aquele que pode ajudar mais a micro e pequenas empresas no futuro\u201d, sugere.&nbsp;<\/p>\n\n\n\n<p>Melles aposta na sabedoria do eleitor para escolher gestores preocupados em investir no munic\u00edpio e em gerar emprego e renda por meio de neg\u00f3cios locais. Segundo dados do Sebrae, 55% dos empregos formais, com carteira assinada, s\u00e3o v\u00eam de micro e pequenas empresas. Dessa forma, segundo o presidente, prefeitos (as) e vereadores (as) eleitos (as) a partir de novembro ter\u00e3o um papel importante na retomada da economia.&nbsp;<\/p>\n\n\n\n<p>\u201cA micro e a pequena empresa, hoje, s\u00e3o uma rede de sustenta\u00e7\u00e3o municipal. Essa rede, que \u00e9 formada por sindicatos, associa\u00e7\u00f5es comerciais, agremia\u00e7\u00f5es, cons\u00f3rcios, tem a miss\u00e3o de despertar no candidato \u00e0 prefeitura a import\u00e2ncia do \u2018empreender\u2019. Mas esse tecido tem tamb\u00e9m a responsabilidade maior de conscientizar cidad\u00e3os sobre o poder do voto de cada um na hora de escolher um candidato. O compromisso com a gera\u00e7\u00e3o de emprego e renda, com a educa\u00e7\u00e3o empreendedora, com cr\u00e9dito para capital de giro dos empreendedores da cidade pode significar aumento na produtividade das empresas e o in\u00edcio de c\u00edrculo econ\u00f4mico virtuoso\u201d, afirma Melles.&nbsp;<\/p>\n\n\n\n<figure class=\"wp-block-image\"><img decoding=\"async\" src=\"\/\/s3-sa-east-1.amazonaws.com\/agencia-radio-arb\/3023\/content_sebrae-mei_%281%29.png\" alt=\"\" title=\"Cria\u00e7\u00e3o: \u00c9rica Passos \"\/><\/figure>\n\n\n\n<p>E como ser um prefeito (a) empreendedor (a)? O Sebrae, em parceria com entidades e associa\u00e7\u00f5es, lan\u00e7ou recentemente o documento \u201c<a href=\"https:\/\/www.sebrae.com.br\/Sebrae\/Portal%20Sebrae\/Sites%20Modulares\/Agentes%20P%C3%BAblicos\/Guia%20de%20Empreendedorismo%20do%20Candidato.pdf\" target=\"_blank\" rel=\"noreferrer noopener\">Seja um candidato empreendedor \u2013 10 dicas do Sebrae<\/a>\u201d. &nbsp;A ideia \u00e9 que os eleitos e eleitas incluam o desenvolvimento econ\u00f4mico na agenda de prioridades da gest\u00e3o do munic\u00edpio, al\u00e9m de construir parcerias com o setor produtivo; investir em programa de desenvolvimento a partir das voca\u00e7\u00f5es e oportunidades do munic\u00edpio e regi\u00e3o, e estimular e facilitar a formaliza\u00e7\u00e3o de empreendimentos e de MEIs. &nbsp;<\/p>\n\n\n\n<p>\u201cO Sebrae tem programas estruturantes, como o Cidade Empreendedora, e de reconhecimento e valoriza\u00e7\u00e3o, como o Prefeito Empreendedor. Nas elei\u00e7\u00f5es, n\u00f3s ousamos um pouquinho em n\u00e3o procurar prefeitos e vereadores depois de eleitos, mas procurar os candidatos para eles discutirem na campanha o empreendedorismo. Queremos provocar as micro e pequenas empresas, o cidad\u00e3o para que ele perceba que a escolha dele \u00e9 importante\u201d, justifica Melles. \u201cBuscar o candidato que esteja mais comprometido com o desenvolvimento do munic\u00edpio, com a gera\u00e7\u00e3o de emprego e renda e com a prosperidade\u201d, completa. &nbsp;<\/p>\n\n\n\n<p>O <a href=\"https:\/\/www.prefeitoempreendedor.sebrae.com.br\/\" target=\"_blank\" rel=\"noreferrer noopener\">Prefeito Empreendedor<\/a> \u00e9 uma iniciativa que reconhece o trabalho de prefeitos (as) e administradores (as) regionais que implantaram projetos com resultados comprovados com foco no desenvolvimento dos pequenos neg\u00f3cios do munic\u00edpio. Criado na d\u00e9cada de 2000, o pr\u00eamio j\u00e1 acumula dez mil pr\u00e1ticas inovadoras cadastradas.&nbsp;<\/p>\n\n\n\n<p>\u201cCom a credibilidade da pol\u00edtica abalada hoje, as pessoas querem coisas concretas. O que o Sebrae prop\u00f5e, com o guia, s\u00e3o a\u00e7\u00f5es concretas, que j\u00e1 temos aplicadas\u201d, refor\u00e7a o gerente da unidade de Desenvolvimento Territorial do Sebrae, Paulo Miotta,&nbsp;<\/p>\n\n\n\n<p>Segundo ele, as dicas apresentadas s\u00e3o eixos de atua\u00e7\u00e3o de um programa chamado Cidade Empreendedora. \u201cEssas a\u00e7\u00f5es s\u00e3o solu\u00e7\u00f5es e produtos que est\u00e3o ali embaixo desses eixos.&nbsp;<\/p>\n\n\n\n<p>\u201cSe a voca\u00e7\u00e3o da cidade \u00e9 turismo, vamos focar na dica 8, sobre rotas de turismo. Se a cidade \u00e9 voltada para a agricultura familiar, ent\u00e3o vamos focar em cooperativas no eixo 9, para ela vender como cooperativa para a merenda escolar. \u00c9 o Sebrae na ponta, com seus consultores e equipe t\u00e9cnica, com condi\u00e7\u00f5es de fazer, e o Sebrae nacional se organizando para ajudar a fazer isso, a identificar as voca\u00e7\u00f5es\u201d, explica o gerente.&nbsp;<\/p>\n\n\n\n<p>O objetivo da Cidade Empreendedora, segundo o Sebrae, \u00e9 a transforma\u00e7\u00e3o local pela implanta\u00e7\u00e3o da Lei Geral da Micro e Pequena Empresa e de pol\u00edticas estruturantes de desenvolvimento, engajando a gest\u00e3o p\u00fablica e lideran\u00e7as locais na melhoria do ambiente de neg\u00f3cios, al\u00e9m de contribuir para o desenvolvimento econ\u00f4mico local, gerando ocupa\u00e7\u00e3o e renda.<\/p>\n\n\n\n<p><strong><a href=\"https:\/\/brasil61.com\/noticias\/sebrae-aposta-em-ideias-empreendedoras-para-os-candidatos-para-retomada-da-economia-pelo-brasil-sebr200009\" target=\"_blank\" rel=\"noreferrer noopener\">Sebrae aposta em ideias empreendedoras para os candidatos para retomada da economia pelo Brasil<\/a><\/strong><\/p>\n\n\n\n<p><strong><a href=\"https:\/\/brasil61.com\/noticias\/desburocratizacao-para-micro-e-pequenos-negocios-pode-dar-folego-a-economia-no-pos-pandemia-sebr200007\" target=\"_blank\" rel=\"noreferrer noopener\">Desburocratiza\u00e7\u00e3o para micro e pequenos neg\u00f3cios pode dar f\u00f4lego \u00e0 economia no p\u00f3s-pandemia<\/a><\/strong><\/p>\n\n\n\n<h2 class=\"wp-block-heading\">Emprego e renda<\/h2>\n\n\n\n<p>Na opini\u00e3o do secret\u00e1rio-executivo da Frente Nacional de Prefeitos (FNP), Gilberto Perre, ser um prefeito empreendedor \u00e9 pensar no desenvolvimento do munic\u00edpio em curto, m\u00e9dio e longo prazo.&nbsp;<\/p>\n\n\n\n<p>\u201cO que se espera \u00e9 que um prefeito empreendedor \u00e9 que ele adote pol\u00edticas p\u00fablicas que favore\u00e7am as atividades das micro e pequenas empresas, como facilitar e orientar as contas p\u00fablicas para essas empresas, oferecer cr\u00e9dito e licenciamento \u00e1gil e desburocratizado, obriga\u00e7\u00f5es acess\u00f3rias tribut\u00e1rias simples, enfim. Essa \u00e9 uma s\u00e9rie de medidas que os prefeitos e prefeitas podem adotar no sentido de favorecer os empreendimentos nas suas cidades\u201d, observa Perre.&nbsp;<\/p>\n\n\n\n<p>Para o secret\u00e1rio-executivo, incentivar as pequenas empresas \u00e9 fundamental. \u201cIsso significa incentivar o desenvolvimento econ\u00f4mico e a gera\u00e7\u00e3o de emprego e renda.\u201d&nbsp;<\/p>\n\n\n\n<p>O presidente da Confedera\u00e7\u00e3o Nacional de Munic\u00edpios (CNM), Glademir Aroldi, acredita que os novos gestores municipais ter\u00e3o uma oportunidade de mudar o atual cen\u00e1rio.&nbsp;<\/p>\n\n\n\n<p>\u201cTodos n\u00f3s sabemos do momento que estamos enfrentando, com impactos severos na sa\u00fade, na educa\u00e7\u00e3o, na assist\u00eancia social e impacto negativo tamb\u00e9m na economia brasileira. Mais oportuno imposs\u00edvel a gente colocar o guia \u00e0 disposi\u00e7\u00e3o dos candidatos. Os pequenos neg\u00f3cios representam a for\u00e7a da economia no Brasil, pois s\u00e3o respons\u00e1veis pela gera\u00e7\u00e3o de empregos e de renda, que \u00e9 o que precisamos hoje\u201d, avalia Aroldi.&nbsp;<\/p>\n\n\n\n<p>O presidente do Sebrae, Carlos Melles, lembra ainda que uma forma de incentivar os pequenos neg\u00f3cios \u00e9 por meio da Sala do Empreendedor \u2013 j\u00e1 s\u00e3o mais de mil espalhadas pelo Brasil.&nbsp;<\/p>\n\n\n\n<p>\u201cQuase sempre essa sala \u00e9 oferecida como espa\u00e7o pelo prefeito. Ent\u00e3o, a figura do prefeito no desenvolvimento municipal \u00e9 muito forte. A lideran\u00e7a do prefeito \u00e9 muito forte e a lideran\u00e7a dos vereadores complementa isso\u201d, diz. Ele finaliza: \u201cO Sebrae est\u00e1 provocando, no bom sentido, em dizer \u2018olha, discutam antes quem \u00e9 o candidato empreendedor que vai ter o compromisso com a gera\u00e7\u00e3o de emprego, com a prosperidade do munic\u00edpio. Esse \u00e9 um papel que o Sebrae vem fazendo que \u00e9 muito bonito, j\u00e1 faz ao longo dos anos, s\u00f3 que agora aprimorado e antecipando a pr\u00e9-campanha.\u201d<\/p>\n\n\n\n<figure class=\"wp-block-image\"><img decoding=\"async\" src=\"\/\/s3-sa-east-1.amazonaws.com\/agencia-radio-arb\/3024\/content_sebrae_%281%29.png\" alt=\"\" title=\"Cria\u00e7\u00e3o: \u00c9rica Passos\"\/><\/figure>\n\n\n\n<h2 class=\"wp-block-heading\">Apoio ao gestor empreendedor&nbsp;<\/h2>\n\n\n\n<p>Incentivar a gera\u00e7\u00e3o de emprego e renda e qualificar quem mais precisa s\u00e3o algumas das dicas que podem ser inseridas nas propostas de governo dos (as) futuros (as) prefeitos (as) e vereadores (as) que ser\u00e3o escolhidos em novembro deste ano, nas elei\u00e7\u00f5es municipais. A ideia do Sebrae, em parceria com v\u00e1rias entidades, \u00e9 inserir a pauta do empreendedorismo nas campanhas.&nbsp;<\/p>\n\n\n\n<p>O documento \u201cSeja um candidato empreendedor \u2013 10 dicas do Sebrae\u201d, lan\u00e7ado no final de setembro, \u00e9 uma iniciativa do Sebrae com apoio da Frente Parlamentar Mista da Micro e Pequena Empresa, da Frente Nacional de Prefeitos (FNP), da Confedera\u00e7\u00e3o Nacional dos Munic\u00edpios (CNM), do Instituto Rui Barbosa, com a Associa\u00e7\u00e3o Nacional dos Membros do Minist\u00e9rio P\u00fablico, e da Associa\u00e7\u00e3o dos Membros dos Tribunais de Contas do Brasil.&nbsp;<\/p>\n\n\n\n<p>Fonte: <a href=\"https:\/\/brasil61.com\/noticias\/prefeito-empreendedor-como-eleitos-e-eleitas-em-novembro-podem-ajudar-no-desenvolvimento-do-municipio-sebr200010?email=bethdeoliveira@yahoo.com.br&amp;utm_source=email_individual&amp;utm_medium=email_individual&amp;utm_campaign=email_individual\" target=\"_blank\" rel=\"noreferrer noopener\">Brasil 61<\/a><\/p>\n","protected":false},"excerpt":{"rendered":"<p>Na campanha eleitoral, a criatividade pode contar muitos pontos. Com o pleito municipal se aproximando,<\/p>\n","protected":false},"author":2,"featured_media":3369,"comment_status":"open","ping_status":"open","sticky":false,"template":"","format":"standard","meta":{"footnotes":""},"categories":[15],"tags":[],"class_list":["post-3368","post","type-post","status-publish","format-standard","has-post-thumbnail","hentry","category-politica"],"_links":{"self":[{"href":"https:\/\/tvc16.com\/portal\/wp-json\/wp\/v2\/posts\/3368","targetHints":{"allow":["GET"]}}],"collection":[{"href":"https:\/\/tvc16.com\/portal\/wp-json\/wp\/v2\/posts"}],"about":[{"href":"https:\/\/tvc16.com\/portal\/wp-json\/wp\/v2\/types\/post"}],"author":[{"embeddable":true,"href":"https:\/\/tvc16.com\/portal\/wp-json\/wp\/v2\/users\/2"}],"replies":[{"embeddable":true,"href":"https:\/\/tvc16.com\/portal\/wp-json\/wp\/v2\/comments?post=3368"}],"version-history":[{"count":1,"href":"https:\/\/tvc16.com\/portal\/wp-json\/wp\/v2\/posts\/3368\/revisions"}],"predecessor-version":[{"id":3370,"href":"https:\/\/tvc16.com\/portal\/wp-json\/wp\/v2\/posts\/3368\/revisions\/3370"}],"wp:featuredmedia":[{"embeddable":true,"href":"https:\/\/tvc16.com\/portal\/wp-json\/wp\/v2\/media\/3369"}],"wp:attachment":[{"href":"https:\/\/tvc16.com\/portal\/wp-json\/wp\/v2\/media?parent=3368"}],"wp:term":[{"taxonomy":"category","embeddable":true,"href":"https:\/\/tvc16.com\/portal\/wp-json\/wp\/v2\/categories?post=3368"},{"taxonomy":"post_tag","embeddable":true,"href":"https:\/\/tvc16.com\/portal\/wp-json\/wp\/v2\/tags?post=3368"}],"curies":[{"name":"wp","href":"https:\/\/api.w.org\/{rel}","templated":true}]}}