{"id":3374,"date":"2020-10-21T15:10:46","date_gmt":"2020-10-21T15:10:46","guid":{"rendered":"https:\/\/tvc16.com\/portal\/?p=3374"},"modified":"2020-10-21T15:10:46","modified_gmt":"2020-10-21T15:10:46","slug":"proposta-altera-orcamento-de-2020-para-cobrir-gasto-extra-de-r-3-bi-do-seguro-desemprego","status":"publish","type":"post","link":"https:\/\/tvc16.com\/portal\/2020\/10\/21\/proposta-altera-orcamento-de-2020-para-cobrir-gasto-extra-de-r-3-bi-do-seguro-desemprego\/","title":{"rendered":"Proposta altera Or\u00e7amento de 2020 para cobrir gasto extra de R$ 3 bi do seguro-desemprego"},"content":{"rendered":"\n<p>O Poder Executivo enviou ao Congresso Nacional uma proposta para refor\u00e7ar com quase R$ 3 bilh\u00f5es os pagamentos de seguro-desemprego devido \u00e0 pandemia da Covid-19. O montante representa 48% do total previsto no projeto, que destina cr\u00e9dito suplementar superior a R$ 6,2 bilh\u00f5es para a quita\u00e7\u00e3o de obriga\u00e7\u00f5es do pa\u00eds.<\/p>\n\n\n\n<p>O texto faz v\u00e1rias altera\u00e7\u00f5es na <a href=\"https:\/\/www.congressonacional.leg.br\/materias\/pesquisa\/-\/materia\/145145\">lei or\u00e7ament\u00e1ria<\/a>, em receitas e despesas, a fim de cobrir gastos extras com seguro e, ao mesmo tempo, assegurar o cumprimento da regra do teto dos gastos e de decis\u00f5es recentes do Tribunal de Contas da Uni\u00e3o (TCU).<\/p>\n\n\n\n<p>De acordo com dados do Instituto Brasileiro de Geografia e Estat\u00edstica (IBGE) do m\u00eas passado, o desemprego no Brasil havia crescido 27,6% durante a pandemia, considerando os dados a partir de mar\u00e7o. Em agosto, 12,9 milh\u00f5es de pessoas estavam sem trabalho no pa\u00eds.&nbsp;<\/p>\n\n\n\n<p>As despesas com seguro-desemprego e abono salarial somam juntas R$ 60,6 bilh\u00f5es no Or\u00e7amento deste ano, mas as proje\u00e7\u00f5es feitas em setembro pelo Minist\u00e9rio da Economia indicam que essas duas a\u00e7\u00f5es dever\u00e3o consumir cerca de R$ 63,0 bilh\u00f5es at\u00e9 dezembro.<\/p>\n\n\n\n<p>Segundo o economista da Universidade de Bras\u00edlia (UnB) Newton Marques a PEC emergencial j\u00e1 prev\u00ea excepcionalidades que podem ser cobertas com recursos do tesouro nacional, n\u00e3o previstos no or\u00e7amento.&nbsp;<\/p>\n\n\n\n<p>\u201cDurante a pandemia o governo teve que gastar muito mais com a sociedade do que o or\u00e7amento de 2020 permitia. Ent\u00e3o, para 2021 espera-se tamb\u00e9m que exista uma PEC emergencial com esse car\u00e1ter. Ou seja, aquelas despesas que n\u00e3o ser\u00e3o atendidas com os or\u00e7amentos de 2021 dever\u00e3o atender essas despesas extraordin\u00e1rias\u201d, disse.&nbsp;<\/p>\n\n\n\n<p><a href=\"https:\/\/brasil61.com\/noticias\/impasse-em-instalacao-de-comissao-pode-prejudicar-votacao-do-orcamento-da-uniao-para-2021-bras202215\"><strong>Impasse em instala\u00e7\u00e3o de Comiss\u00e3o pode prejudicar vota\u00e7\u00e3o do Or\u00e7amento da Uni\u00e3o para 2021<\/strong><\/a><\/p>\n\n\n\n<p><a href=\"https:\/\/brasil61.com\/noticias\/maia-quer-aprovar-pec-emergencial-antes-do-orcamento-de-2021-bras202268\"><strong>Maia quer aprovar PEC Emergencial antes do Or\u00e7amento de 2021<\/strong><\/a><\/p>\n\n\n\n<p>No in\u00edcio do m\u00eas o TCU decidiu que o governo poderia utilizar eventual espa\u00e7o fiscal no teto de gastos para cobrir despesas extras causadas por a\u00e7\u00f5es emergenciais em raz\u00e3o da pandemia. Mas dever\u00e1 ser mantido o limite do teto neste ano de R$ 1,455 trilh\u00e3o. Gra\u00e7as ao or\u00e7amento de guerra, medidas provis\u00f3rias abriram cr\u00e9dito extraordin\u00e1rio, como para o pagamento do aux\u00edlio emergencial de R$ 600, por exemplo.<\/p>\n\n\n\n<p>Para o economista Roberto de G\u00f3es J\u00fanior, o gasto extraordin\u00e1rio n\u00e3o \u00e9 um problema, desde que n\u00e3o se torne um gasto permanente, como a discuss\u00e3o de tornar o aux\u00edlio emergencial uma extens\u00e3o do Bolsa Fam\u00edlia.&nbsp;<\/p>\n\n\n\n<p>\u201cA linha divis\u00f3ria \u00e9 essa, fazer ajustes como o governo est\u00e1 fazendo para tentar &nbsp;colocar no teto, que \u00e9 o caso do seguro desemprego esses R$ 3 bilh\u00f5es. Mas isso n\u00e3o \u00e9 um grande problema. O importante \u00e9 que a partir do ano que vem, ou quando superar a pandemia, esses gastos extraordin\u00e1rios sumam, porque a situa\u00e7\u00e3o fiscal do pa\u00eds j\u00e1 \u00e9 grave\u201d, explicou.<\/p>\n\n\n\n<p>Para refor\u00e7ar o seguro-desemprego a equipe econ\u00f4mica revisou quatro MPs de cr\u00e9dito extraordin\u00e1rio. Segundo o ministro da Economia, Paulo Guedes, essas MPs cancelaram R$ 7,7 bilh\u00f5es em despesas dentro do teto, abrindo espa\u00e7o fiscal para outros gastos. Essas despesas envolvem emendas parlamentares remanejadas ap\u00f3s acordo entre deputados, senadores e governo.<\/p>\n\n\n\n<p>O texto do PLN deve ser analisado pela Comiss\u00e3o Mista de Or\u00e7amento (CMO) e depois pelo Congresso. No entanto, a CMO, que tamb\u00e9m dever\u00e1 definir o Or\u00e7amento para 2021, ainda n\u00e3o foi instalada nesta sess\u00e3o legislativa. Mas nos casos de urg\u00eancia ou medidas relacionadas \u00e0 Covid-19, as mesas da C\u00e2mara e do Senado regulamentaram a delibera\u00e7\u00e3o de propostas or\u00e7ament\u00e1rias.<\/p>\n\n\n\n<p>Fonte: <a href=\"https:\/\/brasil61.com\/noticias\/proposta-altera-orcamento-de-2020-para-cobrir-gasto-extra-de-r-3-bi-do-seguro-desemprego-bras202278?email=bethdeoliveira@yahoo.com.br&amp;utm_source=newsletter&amp;utm_medium=newsletter&amp;utm_campaign=newsletter\" target=\"_blank\" rel=\"noreferrer noopener\">Brasil 61<\/a><\/p>\n","protected":false},"excerpt":{"rendered":"<p>O Poder Executivo enviou ao Congresso Nacional uma proposta para refor\u00e7ar com quase R$ 3<\/p>\n","protected":false},"author":2,"featured_media":3375,"comment_status":"open","ping_status":"open","sticky":false,"template":"","format":"standard","meta":{"footnotes":""},"categories":[18],"tags":[],"class_list":["post-3374","post","type-post","status-publish","format-standard","has-post-thumbnail","hentry","category-economia"],"_links":{"self":[{"href":"https:\/\/tvc16.com\/portal\/wp-json\/wp\/v2\/posts\/3374","targetHints":{"allow":["GET"]}}],"collection":[{"href":"https:\/\/tvc16.com\/portal\/wp-json\/wp\/v2\/posts"}],"about":[{"href":"https:\/\/tvc16.com\/portal\/wp-json\/wp\/v2\/types\/post"}],"author":[{"embeddable":true,"href":"https:\/\/tvc16.com\/portal\/wp-json\/wp\/v2\/users\/2"}],"replies":[{"embeddable":true,"href":"https:\/\/tvc16.com\/portal\/wp-json\/wp\/v2\/comments?post=3374"}],"version-history":[{"count":1,"href":"https:\/\/tvc16.com\/portal\/wp-json\/wp\/v2\/posts\/3374\/revisions"}],"predecessor-version":[{"id":3376,"href":"https:\/\/tvc16.com\/portal\/wp-json\/wp\/v2\/posts\/3374\/revisions\/3376"}],"wp:featuredmedia":[{"embeddable":true,"href":"https:\/\/tvc16.com\/portal\/wp-json\/wp\/v2\/media\/3375"}],"wp:attachment":[{"href":"https:\/\/tvc16.com\/portal\/wp-json\/wp\/v2\/media?parent=3374"}],"wp:term":[{"taxonomy":"category","embeddable":true,"href":"https:\/\/tvc16.com\/portal\/wp-json\/wp\/v2\/categories?post=3374"},{"taxonomy":"post_tag","embeddable":true,"href":"https:\/\/tvc16.com\/portal\/wp-json\/wp\/v2\/tags?post=3374"}],"curies":[{"name":"wp","href":"https:\/\/api.w.org\/{rel}","templated":true}]}}