{"id":3377,"date":"2020-10-21T15:11:59","date_gmt":"2020-10-21T15:11:59","guid":{"rendered":"https:\/\/tvc16.com\/portal\/?p=3377"},"modified":"2020-10-21T15:11:59","modified_gmt":"2020-10-21T15:11:59","slug":"programa-dinheiro-direto-na-escola-libera-r-525-milhoes-para-educacao","status":"publish","type":"post","link":"https:\/\/tvc16.com\/portal\/2020\/10\/21\/programa-dinheiro-direto-na-escola-libera-r-525-milhoes-para-educacao\/","title":{"rendered":"Programa Dinheiro Direto na Escola libera R$ 525 milh\u00f5es para educa\u00e7\u00e3o"},"content":{"rendered":"\n<p>A educa\u00e7\u00e3o brasileira dever\u00e1 receber um incentivo de R$ 525 milh\u00f5es nos pr\u00f3ximos meses. O valor j\u00e1 havia sido anunciado em setembro, mas agora foram definidas as regras de distribui\u00e7\u00e3o entre as v\u00e1rias regi\u00f5es e tipos de ensino do pa\u00eds.&nbsp;<\/p>\n\n\n\n<p>As novas dez resolu\u00e7\u00f5es foram definidas pelo Conselho Deliberativo do<a href=\"https:\/\/www.fnde.gov.br\/index.php\/acesso-a-informacao\/institucional\/area-de-imprensa\/noticias\/item\/13831-conselho-deliberativo-do-fnde-aprova-novas-resolu%C3%A7%C3%B5es-para-garantia-do-desenvolvimento-do-ensino-no-pa%C3%ADs\"> Fundo Nacional de Desenvolvimento da Educa\u00e7\u00e3o (FNDE),<\/a> autarquia vinculada ao Minist\u00e9rio da Educa\u00e7\u00e3o.&nbsp;<\/p>\n\n\n\n<p>As medidas definem as estrat\u00e9gias para contornar a evas\u00e3o escolar, os crit\u00e9rios de transfer\u00eancia de recursos emergenciais, para uma eventual retomada das aulas presenciais durante a pandemia de coronav\u00edrus, o incentivo para acesso \u00e0 educa\u00e7\u00e3o de pessoas portadoras de necessidades especiais, e ainda o sistema integrado para estudantes de ensino m\u00e9dio entre outros.&nbsp;<\/p>\n\n\n\n<p><strong><a href=\"https:\/\/brasil61.com\/noticias\/fnde-transfere-mais-r-72-6-mi-para-manutencao-do-transporte-escolar-em-estados-e-municipios-bras202203\">FNDE transfere mais R$ 72,6 mi para manuten\u00e7\u00e3o do transporte escolar em estados e munic\u00edpios<\/a><\/strong><\/p>\n\n\n\n<p><strong><a href=\"https:\/\/brasil61.com\/noticias\/mec-libera-r-83-4-milhoes-para-custeio-de-instituicoes-federais-de-ensino-bras202204\">MEC libera R$ 83,4 milh\u00f5es para custeio de institui\u00e7\u00f5es federais de ensino<\/a><\/strong><\/p>\n\n\n\n<p><strong><a href=\"https:\/\/brasil61.com\/noticias\/se-estudantes-do-estado-terao-aulas-a-distancia-por-meio-da-radio-aperipe-bras202209\">SE: Estudantes do estado ter\u00e3o aulas \u00e0 dist\u00e2ncia por meio da R\u00e1dio Aperip\u00ea<\/a><\/strong><\/p>\n\n\n\n<p>Para o coordenador de pedagogia da Universidade Presbiteriana Mackenzie, \u00cdtalo Francisco Curcio, as resolu\u00e7\u00f5es d\u00e3o um norte para o investimento do dinheiro, mas dada a situa\u00e7\u00e3o hist\u00f3rica da desigualdade educacional agravada pela pandemia, \u00e9 sempre preciso buscar mais recursos.&nbsp;<\/p>\n\n\n\n<p>\u201cEssa racionaliza\u00e7\u00e3o \u00e9 muito importante e se faz com diretrizes. Agora, existe uma escassez de recursos? Existe, e sempre existir\u00e1 porque a nossa educa\u00e7\u00e3o carece de elementos prim\u00e1rios que precisam ser aplicados\u201d, explica.<\/p>\n\n\n\n<p>Segundo o economista e gestor da Rio Claro Investimentos, Carlos Faria, \u00e9 evidente que os recursos dever\u00e3o ser diferentes para cada programa, estado ou escola.<\/p>\n\n\n\n<p>\u201cPara que tenhamos um ambiente prop\u00edcio para esses investimentos \u00e9 necess\u00e1rio que o governo consiga entender muito bem quais s\u00e3o as necessidades de cada escola e de cada estado. O governo n\u00e3o pode simplesmente destinar o mesmo montante a todos os estados. Existem locais que tem uma infraestrutura prec\u00e1ria em algumas escolas. Esses estados s\u00e3o mais cr\u00edticos, ainda mais nesse cen\u00e1rio de retorno \u00e0s aulas durante a pandemia\u201d, avaliou.<\/p>\n\n\n\n<p>O Minist\u00e9rio da Educa\u00e7\u00e3o ainda ir\u00e1 publicar uma nota t\u00e9cnica com a mem\u00f3ria de c\u00e1lculo dos valores destinados \u00e0 cada escola. O FNDE divulgar\u00e1 a rela\u00e7\u00e3o das institui\u00e7\u00f5es que receber\u00e3o os recursos e seus respectivos valores logo que ocorrer a efetiva\u00e7\u00e3o do repasse.<br>&nbsp;<\/p>\n\n\n\n<figure class=\"wp-block-image\"><img decoding=\"async\" src=\"\/\/s3-sa-east-1.amazonaws.com\/agencia-radio-arb\/3033\/content_programa-dinheiro-escolas.png\" alt=\"\"\/><\/figure>\n\n\n\n<p>Fonte: <a href=\"https:\/\/brasil61.com\/noticias\/programa-dinheiro-direto-na-escola-libera-r-525-milhoes-para-educacao-bras202292?email=bethdeoliveira@yahoo.com.br&amp;utm_source=newsletter&amp;utm_medium=newsletter&amp;utm_campaign=newsletter\" target=\"_blank\" rel=\"noreferrer noopener\">Brasil 61<\/a><\/p>\n","protected":false},"excerpt":{"rendered":"<p>A educa\u00e7\u00e3o brasileira dever\u00e1 receber um incentivo de R$ 525 milh\u00f5es nos pr\u00f3ximos meses. O<\/p>\n","protected":false},"author":2,"featured_media":3378,"comment_status":"open","ping_status":"open","sticky":false,"template":"","format":"standard","meta":{"footnotes":""},"categories":[19],"tags":[],"class_list":["post-3377","post","type-post","status-publish","format-standard","has-post-thumbnail","hentry","category-educacao"],"_links":{"self":[{"href":"https:\/\/tvc16.com\/portal\/wp-json\/wp\/v2\/posts\/3377","targetHints":{"allow":["GET"]}}],"collection":[{"href":"https:\/\/tvc16.com\/portal\/wp-json\/wp\/v2\/posts"}],"about":[{"href":"https:\/\/tvc16.com\/portal\/wp-json\/wp\/v2\/types\/post"}],"author":[{"embeddable":true,"href":"https:\/\/tvc16.com\/portal\/wp-json\/wp\/v2\/users\/2"}],"replies":[{"embeddable":true,"href":"https:\/\/tvc16.com\/portal\/wp-json\/wp\/v2\/comments?post=3377"}],"version-history":[{"count":1,"href":"https:\/\/tvc16.com\/portal\/wp-json\/wp\/v2\/posts\/3377\/revisions"}],"predecessor-version":[{"id":3379,"href":"https:\/\/tvc16.com\/portal\/wp-json\/wp\/v2\/posts\/3377\/revisions\/3379"}],"wp:featuredmedia":[{"embeddable":true,"href":"https:\/\/tvc16.com\/portal\/wp-json\/wp\/v2\/media\/3378"}],"wp:attachment":[{"href":"https:\/\/tvc16.com\/portal\/wp-json\/wp\/v2\/media?parent=3377"}],"wp:term":[{"taxonomy":"category","embeddable":true,"href":"https:\/\/tvc16.com\/portal\/wp-json\/wp\/v2\/categories?post=3377"},{"taxonomy":"post_tag","embeddable":true,"href":"https:\/\/tvc16.com\/portal\/wp-json\/wp\/v2\/tags?post=3377"}],"curies":[{"name":"wp","href":"https:\/\/api.w.org\/{rel}","templated":true}]}}