{"id":3383,"date":"2020-10-21T15:17:20","date_gmt":"2020-10-21T15:17:20","guid":{"rendered":"https:\/\/tvc16.com\/portal\/?p=3383"},"modified":"2020-10-21T15:17:20","modified_gmt":"2020-10-21T15:17:20","slug":"governo-do-estado-do-rj-publica-decreto-que-regulamenta-medidas-de-prevencao-a-propagacao-da-covid-19-durante-campanhas-eleitorais","status":"publish","type":"post","link":"https:\/\/tvc16.com\/portal\/2020\/10\/21\/governo-do-estado-do-rj-publica-decreto-que-regulamenta-medidas-de-prevencao-a-propagacao-da-covid-19-durante-campanhas-eleitorais\/","title":{"rendered":"Governo do Estado  do RJ publica decreto que regulamenta medidas de preven\u00e7\u00e3o \u00e0 propaga\u00e7\u00e3o da Covid-19 durante campanhas eleitorais"},"content":{"rendered":"\n<p><br>O governador em exerc\u00edcio Cl\u00e1udio Castro regulamentou, em edi\u00e7\u00e3o extra do Di\u00e1rio Oficial desta ter\u00e7a-feira (20\/10), um decreto estabelecendo medidas para prevenir a propaga\u00e7\u00e3o da Covid-19 durante as atividades de campanha eleitoral para as elei\u00e7\u00f5es municipais de 2020, a partir do dia 31 de outubro. As restri\u00e7\u00f5es foram definidas de acordo com o cen\u00e1rio epidemiol\u00f3gico de cada cidade do estado do Rio de Janeiro.<\/p>\n\n\n\n<p>Segundo o decreto, fica proibida a&nbsp;presen\u00e7a nos eventos de qualquer participante que apresente febre ou sintomas respirat\u00f3rios, como tosse seca, dor de garganta, cefaleia,&nbsp;coriza,&nbsp;dificuldade para respirar e perdas de paladar e olfato.&nbsp;&nbsp;<\/p>\n\n\n\n<p>Em munic\u00edpios com as bandeiras roxa e vermelha &#8211; com riscos alto e muito alto de cont\u00e1gios, respectivamente &#8211; s\u00e3o proibidas carreatas, passeatas, com\u00edcios ou qualquer atividade que gere aglomera\u00e7\u00e3o de pessoas, al\u00e9m da distribui\u00e7\u00e3o de material impresso.<\/p>\n\n\n\n<p>Nas&nbsp;regi\u00f5es com bandeira laranja, com risco moderado de cont\u00e1gio,&nbsp;est\u00e1 autorizada a entrega de qualquer material impresso e a realiza\u00e7\u00e3o de carreatas, desde que&nbsp;observadas as regras sanit\u00e1rias e de distanciamento social.&nbsp;&nbsp;<\/p>\n\n\n\n<p><strong>Bandeira amarela<br><\/strong><br>Nas cidades com bandeira amarela ou verde, que t\u00eam riscos baixo e muito baixo de cont\u00e1gio, est\u00e3o permitidas passeatas e carreatas. Nestas regi\u00f5es, \u00e9 autorizada a entrega de material nas ruas.&nbsp;Durante os com\u00edcios em locais abertos, deve ser respeitado o limite de uma pessoa por 4 m\u00b2 no palanque ou palco. Tamb\u00e9m \u00e9 necess\u00e1rio o distanciamento m\u00ednimo de dois metros entre as pessoas da plateia ou demais presentes, limitada a 1\/3 da capacidade do espa\u00e7o.&nbsp;Em lugares fechados, o limite ser\u00e1 de 1\/3 da capacidade m\u00e1xima do estabelecimento, tamb\u00e9m respeitando o distanciamento m\u00ednimo de dois metros.<br><br>Em todos os com\u00edcios em locais fechados, ser\u00e1 obrigat\u00f3rio o fornecimento de \u00e1lcool em gel 70%, prepara\u00e7\u00f5es antiss\u00e9pticas ou sanitizantes aos participantes na entrada do local e elevadores, al\u00e9m do cumprimento dos protocolos de manuten\u00e7\u00e3o dos aparelhos e sistemas de climatiza\u00e7\u00e3o, realizando a troca dos filtros conforme determina\u00e7\u00e3o da vigil\u00e2ncia sanit\u00e1ria. Os estacionamentos devem funcionar com 1\/2 da capacidade.&nbsp;<\/p>\n\n\n\n<p>O uso correto de m\u00e1scaras \u00e9 obrigado a todos participantes, inclusive durante o momento de fala.&nbsp;<\/p>\n\n\n\n<p><strong>\u00daltima nota t\u00e9cnica<br><\/strong><br>Segundo a \u00faltima nota t\u00e9cnica e o painel de indicadores sobre a pandemia de coronav\u00edrus&nbsp;<strong>(em anexo)<\/strong>, entre as nove regi\u00f5es em que o estado \u00e9 dividido, sete est\u00e3o classificadas com bandeira amarela:&nbsp;Metropolitanas I e II, Ba\u00eda da Ilha Grande, M\u00e9dio-Para\u00edba, Baixada Litor\u00e2nea, Noroeste e Serrana. Juntas, elas concentram 92,55% da popula\u00e7\u00e3o fluminense. As regi\u00f5es&nbsp;Centro-Sul e Norte apresentam risco moderado, com a bandeira laranja.<\/p>\n\n\n\n<p>O cen\u00e1rio epidemiol\u00f3gico de cada munic\u00edpio ser\u00e1 acompanhado por meio das notas t\u00e9cnicas editadas pela Secretaria de Estado de Sa\u00fade.<\/p>\n","protected":false},"excerpt":{"rendered":"<p>O governador em exerc\u00edcio Cl\u00e1udio Castro regulamentou, em edi\u00e7\u00e3o extra do Di\u00e1rio Oficial desta ter\u00e7a-feira<\/p>\n","protected":false},"author":2,"featured_media":3384,"comment_status":"open","ping_status":"open","sticky":false,"template":"","format":"standard","meta":{"footnotes":""},"categories":[13],"tags":[],"class_list":["post-3383","post","type-post","status-publish","format-standard","has-post-thumbnail","hentry","category-saude"],"_links":{"self":[{"href":"https:\/\/tvc16.com\/portal\/wp-json\/wp\/v2\/posts\/3383","targetHints":{"allow":["GET"]}}],"collection":[{"href":"https:\/\/tvc16.com\/portal\/wp-json\/wp\/v2\/posts"}],"about":[{"href":"https:\/\/tvc16.com\/portal\/wp-json\/wp\/v2\/types\/post"}],"author":[{"embeddable":true,"href":"https:\/\/tvc16.com\/portal\/wp-json\/wp\/v2\/users\/2"}],"replies":[{"embeddable":true,"href":"https:\/\/tvc16.com\/portal\/wp-json\/wp\/v2\/comments?post=3383"}],"version-history":[{"count":1,"href":"https:\/\/tvc16.com\/portal\/wp-json\/wp\/v2\/posts\/3383\/revisions"}],"predecessor-version":[{"id":3385,"href":"https:\/\/tvc16.com\/portal\/wp-json\/wp\/v2\/posts\/3383\/revisions\/3385"}],"wp:featuredmedia":[{"embeddable":true,"href":"https:\/\/tvc16.com\/portal\/wp-json\/wp\/v2\/media\/3384"}],"wp:attachment":[{"href":"https:\/\/tvc16.com\/portal\/wp-json\/wp\/v2\/media?parent=3383"}],"wp:term":[{"taxonomy":"category","embeddable":true,"href":"https:\/\/tvc16.com\/portal\/wp-json\/wp\/v2\/categories?post=3383"},{"taxonomy":"post_tag","embeddable":true,"href":"https:\/\/tvc16.com\/portal\/wp-json\/wp\/v2\/tags?post=3383"}],"curies":[{"name":"wp","href":"https:\/\/api.w.org\/{rel}","templated":true}]}}