{"id":3386,"date":"2020-10-21T15:20:27","date_gmt":"2020-10-21T15:20:27","guid":{"rendered":"https:\/\/tvc16.com\/portal\/?p=3386"},"modified":"2020-10-21T15:20:27","modified_gmt":"2020-10-21T15:20:27","slug":"policia-federal-atuara-junto-a-orgaos-de-seguranca-durante-as-eleicoes-2","status":"publish","type":"post","link":"https:\/\/tvc16.com\/portal\/2020\/10\/21\/policia-federal-atuara-junto-a-orgaos-de-seguranca-durante-as-eleicoes-2\/","title":{"rendered":"Pol\u00edcia Federal atuar\u00e1 junto a \u00f3rg\u00e3os de seguran\u00e7a durante as elei\u00e7\u00f5es"},"content":{"rendered":"\n<p>A Pol\u00edcia Federal e a Secretaria de Opera\u00e7\u00f5es Integradas do Minist\u00e9rio da Justi\u00e7a e Seguran\u00e7a P\u00fablic<a href=\"https:\/\/www.gov.br\/pf\/pt-br\/assuntos\/noticias\/2020\/10-noticias-de-outubro-de-2020\/policia-federal-coordenara-os-trabalhos-de-policia-judiciaria-eleitoral-no-centro-integrado-nacional-de-comando-e-controle-das-eleicoes-2020\">a assinaram um Acordo de Coopera\u00e7\u00e3o T\u00e9cnica <\/a>para trabalharem juntas na preven\u00e7\u00e3o e repress\u00e3o de crimes eleitorais.<\/p>\n\n\n\n<p>Na pr\u00e1tica, a PF vai atuar com todas as secretarias de seguran\u00e7a p\u00fablica do Pa\u00eds e outros \u00f3rg\u00e3os federais, estaduais e municipais envolvidos na organiza\u00e7\u00e3o e seguran\u00e7a das elei\u00e7\u00f5es.&nbsp;<\/p>\n\n\n\n<p>O grupo vai monitorar, em tempo real, poss\u00edveis ocorr\u00eancias durante a realiza\u00e7\u00e3o dos dois turnos.<\/p>\n\n\n\n<p>Al\u00e9m dos dias de vota\u00e7\u00e3o, a PF j\u00e1 tem trabalhado com diversas investiga\u00e7\u00f5es de combate a crimes eleitorais, como \u00e9 o caso da Opera\u00e7\u00e3o Fake SMS, para investigar a contrata\u00e7\u00e3o de servi\u00e7os de disparo autom\u00e1tico de mensagens via aplicativo de mensagens, para fins eleitorais no Piau\u00ed.<br>&nbsp;<\/p>\n\n\n\n<p>Fonte: <a href=\"https:\/\/brasil61.com\/noticias\/policia-federal-atuara-junto-a-orgaos-de-seguranca-durante-as-eleicoes-bras202288?email=bethdeoliveira@yahoo.com.br&amp;utm_source=newsletter&amp;utm_medium=newsletter&amp;utm_campaign=newsletter\" target=\"_blank\" rel=\"noreferrer noopener\">Brasil 61<\/a><\/p>\n","protected":false},"excerpt":{"rendered":"<p>A Pol\u00edcia Federal e a Secretaria de Opera\u00e7\u00f5es Integradas do Minist\u00e9rio da Justi\u00e7a e Seguran\u00e7a<\/p>\n","protected":false},"author":2,"featured_media":3387,"comment_status":"open","ping_status":"open","sticky":false,"template":"","format":"standard","meta":{"footnotes":""},"categories":[14],"tags":[],"class_list":["post-3386","post","type-post","status-publish","format-standard","has-post-thumbnail","hentry","category-pais"],"_links":{"self":[{"href":"https:\/\/tvc16.com\/portal\/wp-json\/wp\/v2\/posts\/3386","targetHints":{"allow":["GET"]}}],"collection":[{"href":"https:\/\/tvc16.com\/portal\/wp-json\/wp\/v2\/posts"}],"about":[{"href":"https:\/\/tvc16.com\/portal\/wp-json\/wp\/v2\/types\/post"}],"author":[{"embeddable":true,"href":"https:\/\/tvc16.com\/portal\/wp-json\/wp\/v2\/users\/2"}],"replies":[{"embeddable":true,"href":"https:\/\/tvc16.com\/portal\/wp-json\/wp\/v2\/comments?post=3386"}],"version-history":[{"count":1,"href":"https:\/\/tvc16.com\/portal\/wp-json\/wp\/v2\/posts\/3386\/revisions"}],"predecessor-version":[{"id":3388,"href":"https:\/\/tvc16.com\/portal\/wp-json\/wp\/v2\/posts\/3386\/revisions\/3388"}],"wp:featuredmedia":[{"embeddable":true,"href":"https:\/\/tvc16.com\/portal\/wp-json\/wp\/v2\/media\/3387"}],"wp:attachment":[{"href":"https:\/\/tvc16.com\/portal\/wp-json\/wp\/v2\/media?parent=3386"}],"wp:term":[{"taxonomy":"category","embeddable":true,"href":"https:\/\/tvc16.com\/portal\/wp-json\/wp\/v2\/categories?post=3386"},{"taxonomy":"post_tag","embeddable":true,"href":"https:\/\/tvc16.com\/portal\/wp-json\/wp\/v2\/tags?post=3386"}],"curies":[{"name":"wp","href":"https:\/\/api.w.org\/{rel}","templated":true}]}}