{"id":3392,"date":"2020-10-21T15:46:43","date_gmt":"2020-10-21T15:46:43","guid":{"rendered":"https:\/\/tvc16.com\/portal\/?p=3392"},"modified":"2020-10-21T15:46:43","modified_gmt":"2020-10-21T15:46:43","slug":"desmatamento-e-flagrado-em-correas","status":"publish","type":"post","link":"https:\/\/tvc16.com\/portal\/2020\/10\/21\/desmatamento-e-flagrado-em-correas\/","title":{"rendered":"Desmatamento \u00e9 flagrado em Corr\u00eaas"},"content":{"rendered":"\n<p>Uma den\u00fancia feita ao Linha Verde levou policiais militares a constatarem na \u00faltima sexta-feira (25), um desmatamento que estava ocorrendo, em Corr\u00eaas. Segundo a equipe da Unidade de Policiamento Ambiental do Parque Estadual dos Tr\u00eas Picos, no local conhecido como \u201cRua das Casinhas\u201d, no Castelo S\u00e3o Manoel, vinha ocorrendo diariamente a extra\u00e7\u00e3o de \u00e1rvores com uso de motosserra. <\/p>\n\n\n\n<figure class=\"wp-block-image size-large\"><img loading=\"lazy\" decoding=\"async\" width=\"768\" height=\"1024\" src=\"https:\/\/tvc16.com\/portal\/wp-content\/uploads\/2020\/10\/WhatsApp-Image-2020-10-20-at-18.06.13-1-768x1024.jpeg\" alt=\"\" class=\"wp-image-3394\" srcset=\"https:\/\/tvc16.com\/portal\/wp-content\/uploads\/2020\/10\/WhatsApp-Image-2020-10-20-at-18.06.13-1-768x1024.jpeg 768w, https:\/\/tvc16.com\/portal\/wp-content\/uploads\/2020\/10\/WhatsApp-Image-2020-10-20-at-18.06.13-1-225x300.jpeg 225w, https:\/\/tvc16.com\/portal\/wp-content\/uploads\/2020\/10\/WhatsApp-Image-2020-10-20-at-18.06.13-1.jpeg 960w\" sizes=\"auto, (max-width: 768px) 100vw, 768px\" \/><\/figure>\n\n\n\n<p>Atrav\u00e9s dessa informa\u00e7\u00e3o, os policiais se dirigiram \u00e0 antiga Rua 11, onde constataram o corte de seis \u00e1rvores nativas do bioma mata atl\u00e2ntica, em est\u00e1gio inicial, m\u00e9dio e avan\u00e7ado de regenera\u00e7\u00e3o, em uma \u00e1rea cuja degrada\u00e7\u00e3o ambiental chega a 1000m\u00b2. A equipe realizou buscas no entorno com objetivo de identificar os poss\u00edveis respons\u00e1veis, mas ningu\u00e9m foi encontrado, tampouco placas indicativas contendo licen\u00e7a ambiental. Por se tratar de crime ambiental de acordo com o artigo 38 da lei 9065\/98, os policiais se deslocaram \u00e0 105\u00aa DP, onde a ocorr\u00eancia foi registrada.<\/p>\n\n\n\n<p>Vale ressaltar que neste ano de 2020, o Linha Verde j\u00e1 recebeu 415 den\u00fancias sobre crimes ambientais em Petr\u00f3polis e destes, 117 foram sobre desmatamento, assunto que lidera o ranking de den\u00fancias na cidade. Para denunciar qualquer il\u00edcito contra o meio ambiente no munic\u00edpio de Petr\u00f3polis, a popula\u00e7\u00e3o pode ligar para o 0300 253 1177 (custo de liga\u00e7\u00e3o local) ou utilizar o aplicativo para celulares \u201cDisque Den\u00fancia RJ\u201d, na qual \u00e9 poss\u00edvel anexar fotos e v\u00eddeos. Em todos os canais, o anonimato \u00e9 garantido ao denunciante.<\/p>\n","protected":false},"excerpt":{"rendered":"<p>Uma den\u00fancia feita ao Linha Verde levou policiais militares a constatarem na \u00faltima sexta-feira (25),<\/p>\n","protected":false},"author":2,"featured_media":3393,"comment_status":"open","ping_status":"open","sticky":false,"template":"","format":"standard","meta":{"footnotes":""},"categories":[12],"tags":[],"class_list":["post-3392","post","type-post","status-publish","format-standard","has-post-thumbnail","hentry","category-cidade"],"_links":{"self":[{"href":"https:\/\/tvc16.com\/portal\/wp-json\/wp\/v2\/posts\/3392","targetHints":{"allow":["GET"]}}],"collection":[{"href":"https:\/\/tvc16.com\/portal\/wp-json\/wp\/v2\/posts"}],"about":[{"href":"https:\/\/tvc16.com\/portal\/wp-json\/wp\/v2\/types\/post"}],"author":[{"embeddable":true,"href":"https:\/\/tvc16.com\/portal\/wp-json\/wp\/v2\/users\/2"}],"replies":[{"embeddable":true,"href":"https:\/\/tvc16.com\/portal\/wp-json\/wp\/v2\/comments?post=3392"}],"version-history":[{"count":1,"href":"https:\/\/tvc16.com\/portal\/wp-json\/wp\/v2\/posts\/3392\/revisions"}],"predecessor-version":[{"id":3395,"href":"https:\/\/tvc16.com\/portal\/wp-json\/wp\/v2\/posts\/3392\/revisions\/3395"}],"wp:featuredmedia":[{"embeddable":true,"href":"https:\/\/tvc16.com\/portal\/wp-json\/wp\/v2\/media\/3393"}],"wp:attachment":[{"href":"https:\/\/tvc16.com\/portal\/wp-json\/wp\/v2\/media?parent=3392"}],"wp:term":[{"taxonomy":"category","embeddable":true,"href":"https:\/\/tvc16.com\/portal\/wp-json\/wp\/v2\/categories?post=3392"},{"taxonomy":"post_tag","embeddable":true,"href":"https:\/\/tvc16.com\/portal\/wp-json\/wp\/v2\/tags?post=3392"}],"curies":[{"name":"wp","href":"https:\/\/api.w.org\/{rel}","templated":true}]}}