{"id":3397,"date":"2020-10-21T16:07:47","date_gmt":"2020-10-21T16:07:47","guid":{"rendered":"https:\/\/tvc16.com\/portal\/?p=3397"},"modified":"2020-10-21T16:07:47","modified_gmt":"2020-10-21T16:07:47","slug":"enel-distribuicao-rio-identifica-349-furtos-de-energia-em-petropolis-em-uma-semana","status":"publish","type":"post","link":"https:\/\/tvc16.com\/portal\/2020\/10\/21\/enel-distribuicao-rio-identifica-349-furtos-de-energia-em-petropolis-em-uma-semana\/","title":{"rendered":"Enel Distribui\u00e7\u00e3o Rio identifica 349 furtos de energia em Petr\u00f3polis em uma semana"},"content":{"rendered":"\n<ul class=\"wp-block-list\"><li><strong><em>Oito&nbsp;registros de ocorr\u00eancia e quatro pris\u00f5es foram realizados<\/em><\/strong><strong><em>&nbsp;em parceria com a Pol\u00edcia Civil durante opera\u00e7\u00e3o Energia Legal<\/em><\/strong><\/li><\/ul>\n\n\n\n<ul class=\"wp-block-list\"><li><strong><em>Companhia tamb\u00e9m realizou troca de l\u00e2mpadas antigas por modelo LED e distribuiu m\u00e1scaras para ajudar no combate ao Coronav\u00edrus<\/em><\/strong><\/li><\/ul>\n\n\n\n<p>A opera\u00e7\u00e3o\u00a0Energia Legal<strong>,\u00a0<\/strong>realizada em Petr\u00f3polis pela Enel Distribui\u00e7\u00e3o Rio em conjunto com a Pol\u00edcia Civil na \u00faltima semana, identificou 349 irregularidades na medi\u00e7\u00e3o de energia de estabelecimentos comerciais e residenciais nas localidades de\u00a0Independ\u00eancia, Esp\u00edrito Santo e Amazonas.\u00a0No total, a empresa encontrou furto de energia em 12 com\u00e9rcios e 337 resid\u00eancias. Foram feitos oito registros de ocorr\u00eancia e quatro pris\u00f5es foram efetuadas.\u00a0Com objetivo de combater a irregularidade, tamb\u00e9m conhecida como \u201cgato\u201d, a opera\u00e7\u00e3o est\u00e1 na sua sexta edi\u00e7\u00e3o e, at\u00e9 o momento, j\u00e1 identificou furto\u00a0de energia em\u00a02.902 clientes nas seis cidades por onde passou desde o fim de 2019.\u00a0<\/p>\n\n\n\n<p>Durante a opera\u00e7\u00e3o, os moradores de Petr\u00f3polis tamb\u00e9m tiveram acesso a diversas a\u00e7\u00f5es da Enel, por meio de uma unidade m\u00f3vel de atendimento, que percorreu alguns pontos dos bairros. Ao todo, foram 100 atendimentos aos clientes da regi\u00e3o,&nbsp;como parcelamentos, emiss\u00e3o de segunda via de conta e troca de titularidade.&nbsp;Tamb\u00e9m foram trocadas 539 l\u00e2mpadas antigas e ineficientes por modelos LED, mais econ\u00f4micos. Al\u00e9m disso, cerca de 360 clientes das localidades participaram de palestras sobre furto de energia e consumo consciente.<\/p>\n\n\n\n<p>Al\u00e9m de ser crime, com pena prevista de um a quatro anos de reclus\u00e3o, o furto de energia afeta diretamente a qualidade do servi\u00e7o prestado pela distribuidora e p\u00f5e em risco a popula\u00e7\u00e3o, principalmente as pessoas que manipulam a rede el\u00e9trica. As liga\u00e7\u00f5es irregulares podem causar curtos-circuitos e sobrecarga na rede el\u00e9trica, ocasionando interrup\u00e7\u00e3o no fornecimento de energia.&nbsp;<\/p>\n\n\n\n<p><strong>Combate ao furto de energia<\/strong>&nbsp;<\/p>\n\n\n\n<p>Os clientes que quiserem denunciar o furto de energia podem faz\u00ea-lo pela internet:&nbsp;<a href=\"https:\/\/nam05.safelinks.protection.outlook.com\/?url=https%3A%2F%2Furldefense.com%2Fv3%2F__https%3A%2Fnam05.safelinks.protection.outlook.com%2F%3Furl%3Dhttps*3A*2F*2Furldefense.com*2Fv3*2F__https*3A*2Fnam05.safelinks.protection.outlook.com*2F*3Furl*3Dhttps*3A*2F*2Furldefense.com*2Fv3*2F__https*3A*2Fnam05.safelinks.protection.outlook.com*2F*3Furl*3Dhttps*3A*2F*2Furldefense.com*2Fv3*2F__https*3A*2Fnam05.safelinks.protection.outlook.com*2F*3Furl*3Dhttps*3A*2F*2Fwww.enel.com.br*2F*26data*3D02*7C01*7CPaula.Thurler*40edelman.com*7C992ea8e0a81542f781ee08d79059d66e*7Cb824bfb3918e43c2bb1cdcc1ba40a82b*7C0*7C0*7C637136587841890008*26sdata*3D896Qh6Lvgl*2BbSUJ*2Fpeyo1vGABi488cMQ5gKe4yWPf9Q*3D*26reserved*3D0__*3BJSUlJSUlJSUlJSUlJSUl!!OjemSMKBgg!0Y7U97E7LPYbZpbSqociEwqlfd-wwcF-gXhlErvhTCIsUNZTEOm7SrVowS9kqE3VBnDMlqjd*24*26data*3D02*7C01*7CPaula.Thurler*40edelman.com*7Cedc10a98bf5143c6bbf308d792def3fe*7Cb824bfb3918e43c2bb1cdcc1ba40a82b*7C0*7C0*7C637139358623238422*26sdata*3DB5KWFgH9gqYb0Eu1LS8Oggx2w*2FD8FPQAJ7NQ1lBOoVM*3D*26reserved*3D0__*3BJSUlJSUlJSUlJSoqKiolJSoqKioqKioqJSUqKiolJSUlJSUlJSUlJSUlJQ!!OjemSMKBgg!zeWJlGwbeq0fHOjAh6bc7oLUGOGHvdhZdkgnEb-vsjCTU56FjkWd9RlDShlbP_4mkMqEnq_s*24*26data*3D02*7C01*7CPaula.Thurler*40edelman.com*7C0d5587adba5b4556cd6608d7b4b82402*7Cb824bfb3918e43c2bb1cdcc1ba40a82b*7C0*7C0*7C637176575294175906*26sdata*3DqWOFDYGZzzFOsoaBvkCRii1f*2BzdX65K92DAMq0sxaTI*3D*26reserved*3D0__*3BJSUlJSUlJSUlJSoqKioqKioqKioqKioqKioqKioqKioqKioqKioqKioqKiUlKioqKioqKiolJSoqJSUlJSUlJSUlJSUlJSU!!OjemSMKBgg!ytsvu9mL9fnx3RN5Bc6QVkSsGEOl-mhvD_bwRRT2IA34R7_y5ENgOaypRS4e0d3E1w*24%26data%3D02*7C01*7Cpaula.thurler*40edelman.com*7Cab41d31c72364dea53c608d837dc5a8c*7Cb824bfb3918e43c2bb1cdcc1ba40a82b*7C0*7C0*7C637320766856721099%26sdata%3D87OpcggGzLv1isyq0bPGSDkc6uy9s6nv5cwNYYR3N*2B0*3D%26reserved%3D0__%3BJSUlJSUlJSUlJSoqKioqKioqKioqKioqKioqKioqKioqKioqKioqKioqKioqKioqKioqKioqKioqKioqKioqKioqKioqKiolJSoqKioqKioqJSUqKiUlJSUlJSUlJSUlJSUl!!OjemSMKBgg!1V9S0GNgE90h5MeciLkbmFRBCKQSKbIfAvWLwHuQx2UN6vx8UuO-i96BvPTnG65YxWsIbKBM%24&amp;data=02%7C01%7CPaula.Thurler%40edelman.com%7C869b7\" target=\"_blank\" rel=\"noreferrer noopener\">https:\/\/www.enel.com.br\/<\/a>, pelo aplicativo Enel Rio ou pelo 0800 280 0120. N\u00e3o \u00e9 necess\u00e1rio se identificar.&nbsp;<\/p>\n","protected":false},"excerpt":{"rendered":"<p>Oito&nbsp;registros de ocorr\u00eancia e quatro pris\u00f5es foram realizados&nbsp;em parceria com a Pol\u00edcia Civil durante opera\u00e7\u00e3o<\/p>\n","protected":false},"author":2,"featured_media":3403,"comment_status":"open","ping_status":"open","sticky":false,"template":"","format":"standard","meta":{"footnotes":""},"categories":[12],"tags":[],"class_list":["post-3397","post","type-post","status-publish","format-standard","has-post-thumbnail","hentry","category-cidade"],"_links":{"self":[{"href":"https:\/\/tvc16.com\/portal\/wp-json\/wp\/v2\/posts\/3397","targetHints":{"allow":["GET"]}}],"collection":[{"href":"https:\/\/tvc16.com\/portal\/wp-json\/wp\/v2\/posts"}],"about":[{"href":"https:\/\/tvc16.com\/portal\/wp-json\/wp\/v2\/types\/post"}],"author":[{"embeddable":true,"href":"https:\/\/tvc16.com\/portal\/wp-json\/wp\/v2\/users\/2"}],"replies":[{"embeddable":true,"href":"https:\/\/tvc16.com\/portal\/wp-json\/wp\/v2\/comments?post=3397"}],"version-history":[{"count":1,"href":"https:\/\/tvc16.com\/portal\/wp-json\/wp\/v2\/posts\/3397\/revisions"}],"predecessor-version":[{"id":3404,"href":"https:\/\/tvc16.com\/portal\/wp-json\/wp\/v2\/posts\/3397\/revisions\/3404"}],"wp:featuredmedia":[{"embeddable":true,"href":"https:\/\/tvc16.com\/portal\/wp-json\/wp\/v2\/media\/3403"}],"wp:attachment":[{"href":"https:\/\/tvc16.com\/portal\/wp-json\/wp\/v2\/media?parent=3397"}],"wp:term":[{"taxonomy":"category","embeddable":true,"href":"https:\/\/tvc16.com\/portal\/wp-json\/wp\/v2\/categories?post=3397"},{"taxonomy":"post_tag","embeddable":true,"href":"https:\/\/tvc16.com\/portal\/wp-json\/wp\/v2\/tags?post=3397"}],"curies":[{"name":"wp","href":"https:\/\/api.w.org\/{rel}","templated":true}]}}