{"id":3408,"date":"2020-10-21T16:10:14","date_gmt":"2020-10-21T16:10:14","guid":{"rendered":"https:\/\/tvc16.com\/portal\/?p=3408"},"modified":"2020-10-21T16:10:14","modified_gmt":"2020-10-21T16:10:14","slug":"inmet-preve-chuva-em-todo-o-pais-nos-proximos-15-dias","status":"publish","type":"post","link":"https:\/\/tvc16.com\/portal\/2020\/10\/21\/inmet-preve-chuva-em-todo-o-pais-nos-proximos-15-dias\/","title":{"rendered":"Inmet prev\u00ea chuva em todo o pa\u00eds nos pr\u00f3ximos 15 dias"},"content":{"rendered":"\n<p>A semana dever\u00e1 ter chuvas em praticamente todo o pa\u00eds, segundo o Instituto Nacional de Meteorologia (Inmet). Entre&nbsp;os dias 19 e 26 de, na Regi\u00e3o Sul, a&nbsp;previs\u00e3o \u00e9 de maiores acumulados de chuva no centro do estado do Paran\u00e1, que poder\u00e3o ficar em torno de 80 mm.&nbsp;<\/p>\n\n\n\n<p>No Sudeste, n\u00e3o est\u00e3o descartadas tempestades, com ocorr\u00eancia de chuva forte, granizo e rajadas de vento, mas as chuvas ser\u00e3o mais escassas no norte de Minas Gerais.<\/p>\n\n\n\n<p>No Norte, os acumulados dever\u00e3o variar entre 10 e 90 mm no Amazonas, sul do Par\u00e1 e em Rond\u00f4nia.<\/p>\n\n\n\n<p>Na Regi\u00e3o Centro-Oeste, as chuvas ter\u00e3o maior volume no norte do Mato Grosso do Sul, sul de Goi\u00e1s e leste do estado de Mato Grosso. Segundo o boletim meteorol\u00f3gico semanal n\u00ba 41, h\u00e1 possibilidade de ocorr\u00eancia de chuva forte e rajadas de vento em algumas \u00e1reas da regi\u00e3o,&nbsp;<\/p>\n\n\n\n<p>No per\u00edodo de 27 de outubro a 4 de novembro de 2020, o tempo chuvoso deve continuar em todo o pa\u00eds, mas em menor volume, na Regi\u00e3o Nordeste.<\/p>\n\n\n\n<p>A &nbsp;Regi\u00e3o Sul permanecer\u00e1 com a tend\u00eancia de chuvas volumosas especialmente no oeste dos estados da regi\u00e3o, os acumulados podem chegar aos 100 mm.<\/p>\n\n\n\n<p><a href=\"https:\/\/brasil61.com\/noticias\/o-tempo-e-a-temperatura-sul-do-pais-tem-previsao-de-chuvas-fracas-ptrs202017\"><strong>O TEMPO E A TEMPERATURA: Sul do pa\u00eds tem previs\u00e3o de chuvas fracas<\/strong><\/a><\/p>\n\n\n\n<p><a href=\"https:\/\/brasil61.com\/noticias\/o-tempo-e-a-temperatura-sudeste-do-pais-tem-previsao-de-tempo-com-chuva-nesta-terca-feira-20-ptsd202018\"><strong>O TEMPO E A TEMPERATURA: Sudeste do pa\u00eds tem previs\u00e3o de tempo com chuva, nesta ter\u00e7a-feira (20)<\/strong><\/a><\/p>\n\n\n\n<p>A Regi\u00e3o Central e a Regi\u00e3o Sudeste tamb\u00e9m dever\u00e3o ter chuvas intensas, principalmente nos estados de Minas Gerais e Esp\u00edrito Santo, onde os acumulados poder\u00e3o ultrapassar os 120 mm.&nbsp;<\/p>\n\n\n\n<p>J\u00e1 na regi\u00e3o Matopiba, as chuvas dever\u00e3o variar entre 20 e 40 mm, com maior probabilidade de ocorr\u00eancia em Tocantins e no oeste da Bahia.<\/p>\n\n\n\n<p><br>Em rela\u00e7\u00e3o \u00e0s temperaturas, haver\u00e1 pequenas varia\u00e7\u00f5es no per\u00edodo de 19 a 25 de outubro.&nbsp;<\/p>\n\n\n\n<p>Fonte: <a href=\"https:\/\/brasil61.com\/noticias\/inmet-preve-chuva-em-todo-o-pais-nos-proximos-15-dias-bras202285?email=bethdeoliveira@yahoo.com.br&amp;utm_source=newsletter&amp;utm_medium=newsletter&amp;utm_campaign=newsletter\" target=\"_blank\" rel=\"noreferrer noopener\">Brasil 61<\/a><\/p>\n","protected":false},"excerpt":{"rendered":"<p>A semana dever\u00e1 ter chuvas em praticamente todo o pa\u00eds, segundo o Instituto Nacional de<\/p>\n","protected":false},"author":2,"featured_media":3409,"comment_status":"open","ping_status":"open","sticky":false,"template":"","format":"standard","meta":{"footnotes":""},"categories":[17],"tags":[],"class_list":["post-3408","post","type-post","status-publish","format-standard","has-post-thumbnail","hentry","category-outras-noticias"],"_links":{"self":[{"href":"https:\/\/tvc16.com\/portal\/wp-json\/wp\/v2\/posts\/3408","targetHints":{"allow":["GET"]}}],"collection":[{"href":"https:\/\/tvc16.com\/portal\/wp-json\/wp\/v2\/posts"}],"about":[{"href":"https:\/\/tvc16.com\/portal\/wp-json\/wp\/v2\/types\/post"}],"author":[{"embeddable":true,"href":"https:\/\/tvc16.com\/portal\/wp-json\/wp\/v2\/users\/2"}],"replies":[{"embeddable":true,"href":"https:\/\/tvc16.com\/portal\/wp-json\/wp\/v2\/comments?post=3408"}],"version-history":[{"count":1,"href":"https:\/\/tvc16.com\/portal\/wp-json\/wp\/v2\/posts\/3408\/revisions"}],"predecessor-version":[{"id":3410,"href":"https:\/\/tvc16.com\/portal\/wp-json\/wp\/v2\/posts\/3408\/revisions\/3410"}],"wp:featuredmedia":[{"embeddable":true,"href":"https:\/\/tvc16.com\/portal\/wp-json\/wp\/v2\/media\/3409"}],"wp:attachment":[{"href":"https:\/\/tvc16.com\/portal\/wp-json\/wp\/v2\/media?parent=3408"}],"wp:term":[{"taxonomy":"category","embeddable":true,"href":"https:\/\/tvc16.com\/portal\/wp-json\/wp\/v2\/categories?post=3408"},{"taxonomy":"post_tag","embeddable":true,"href":"https:\/\/tvc16.com\/portal\/wp-json\/wp\/v2\/tags?post=3408"}],"curies":[{"name":"wp","href":"https:\/\/api.w.org\/{rel}","templated":true}]}}