{"id":3419,"date":"2020-10-21T16:15:19","date_gmt":"2020-10-21T16:15:19","guid":{"rendered":"https:\/\/tvc16.com\/portal\/?p=3419"},"modified":"2020-10-21T16:15:19","modified_gmt":"2020-10-21T16:15:19","slug":"stf-define-que-municipios-terao-liberdade-para-adotar-medidas-de-combate-a-pandemia","status":"publish","type":"post","link":"https:\/\/tvc16.com\/portal\/2020\/10\/21\/stf-define-que-municipios-terao-liberdade-para-adotar-medidas-de-combate-a-pandemia\/","title":{"rendered":"STF define que munic\u00edpios ter\u00e3o liberdade para adotar medidas de combate \u00e0 pandemia"},"content":{"rendered":"\n<p>No exerc\u00edcio de suas atribui\u00e7\u00f5es e no \u00e2mbito de seus territ\u00f3rios, o Distrito Federal e os munic\u00edpios ter\u00e3o liberdade para adotar medidas de combate \u00e0 pandemia da Covid-19. &nbsp;O Plen\u00e1rio do Supremo Tribunal Federal (STF) julgou parcialmente procedente a Argui\u00e7\u00e3o de Descumprimento de Preceito Fundamental (ADPF) 672.&nbsp;<\/p>\n\n\n\n<p>A a\u00e7\u00e3o de autoria do Conselho Federal da Ordem dos Advogados do Brasil (OAB), questiona atos omissivos e comissivos do Governo federal praticados durante a crise sanit\u00e1ria.<\/p>\n\n\n\n<p>Entre as medidas previstas na liminar, concedida em abril, est\u00e3o a ado\u00e7\u00e3o ou a manuten\u00e7\u00e3o de medidas restritivas sobre distanciamento e isolamento social, circula\u00e7\u00e3o de pessoas, funcionamento de escolas, com\u00e9rcio, atividades culturais e outras eficazes para a redu\u00e7\u00e3o do n\u00famero de infectados e de \u00f3bitos, como demonstram a recomenda\u00e7\u00e3o da Organiza\u00e7\u00e3o Mundial de Sa\u00fade (OMS).&nbsp;<\/p>\n\n\n\n<p><strong><a href=\"https:\/\/brasil61.com\/noticias\/cns-se-une-a-estados-para-cobrar-manutencao-do-piso-emergencial-para-combate-a-pandemia-bras202265\">CNS se une a estados para cobrar manuten\u00e7\u00e3o do piso emergencial para combate \u00e0 pandemia<\/a><\/strong><\/p>\n\n\n\n<p><a href=\"https:\/\/brasil61.com\/noticias\/leis-estaduais-nao-podem-alterar-termos-dos-contratos-de-concessoes-federais-e-municipais-bras202145\"><strong>Leis estaduais n\u00e3o podem alterar termos dos contratos de concess\u00f5es federais e municipais<\/strong><\/a><\/p>\n\n\n\n<p>Entretanto, segundo o ministro Alexandre de Moraes, que referendou a decis\u00e3o, &nbsp;as medidas locais de conten\u00e7\u00e3o, n\u00e3o inviabilizam a compet\u00eancia geral da Uni\u00e3o de estabelecer medidas restritivas em todo o territ\u00f3rio nacional, caso entenda necess\u00e1rio.<\/p>\n\n\n\n<p>No entendimento do ministro, \u00e9 preciso fortalecer e a ampliar a coopera\u00e7\u00e3o entre os Tr\u00eas Poderes e em meio \u00e0 pandemia, a diverg\u00eancia de posicionamentos entre autoridades de n\u00edveis federativos diversos acarreta inseguran\u00e7a, intranquilidade e justificado receio em toda a sociedade.&nbsp;<\/p>\n\n\n\n<p>Fonte: <a href=\"https:\/\/brasil61.com\/noticias\/stf-define-que-municipios-terao-liberdade-para-adotar-medidas-de-combate-a-pandemia-bras202284?email=bethdeoliveira@yahoo.com.br&amp;utm_source=newsletter&amp;utm_medium=newsletter&amp;utm_campaign=newsletter\" target=\"_blank\" rel=\"noreferrer noopener\">Brasil 61<\/a><\/p>\n","protected":false},"excerpt":{"rendered":"<p>No exerc\u00edcio de suas atribui\u00e7\u00f5es e no \u00e2mbito de seus territ\u00f3rios, o Distrito Federal e<\/p>\n","protected":false},"author":2,"featured_media":3420,"comment_status":"open","ping_status":"open","sticky":false,"template":"","format":"standard","meta":{"footnotes":""},"categories":[14],"tags":[],"class_list":["post-3419","post","type-post","status-publish","format-standard","has-post-thumbnail","hentry","category-pais"],"_links":{"self":[{"href":"https:\/\/tvc16.com\/portal\/wp-json\/wp\/v2\/posts\/3419","targetHints":{"allow":["GET"]}}],"collection":[{"href":"https:\/\/tvc16.com\/portal\/wp-json\/wp\/v2\/posts"}],"about":[{"href":"https:\/\/tvc16.com\/portal\/wp-json\/wp\/v2\/types\/post"}],"author":[{"embeddable":true,"href":"https:\/\/tvc16.com\/portal\/wp-json\/wp\/v2\/users\/2"}],"replies":[{"embeddable":true,"href":"https:\/\/tvc16.com\/portal\/wp-json\/wp\/v2\/comments?post=3419"}],"version-history":[{"count":1,"href":"https:\/\/tvc16.com\/portal\/wp-json\/wp\/v2\/posts\/3419\/revisions"}],"predecessor-version":[{"id":3421,"href":"https:\/\/tvc16.com\/portal\/wp-json\/wp\/v2\/posts\/3419\/revisions\/3421"}],"wp:featuredmedia":[{"embeddable":true,"href":"https:\/\/tvc16.com\/portal\/wp-json\/wp\/v2\/media\/3420"}],"wp:attachment":[{"href":"https:\/\/tvc16.com\/portal\/wp-json\/wp\/v2\/media?parent=3419"}],"wp:term":[{"taxonomy":"category","embeddable":true,"href":"https:\/\/tvc16.com\/portal\/wp-json\/wp\/v2\/categories?post=3419"},{"taxonomy":"post_tag","embeddable":true,"href":"https:\/\/tvc16.com\/portal\/wp-json\/wp\/v2\/tags?post=3419"}],"curies":[{"name":"wp","href":"https:\/\/api.w.org\/{rel}","templated":true}]}}