{"id":3422,"date":"2020-10-21T16:16:35","date_gmt":"2020-10-21T16:16:35","guid":{"rendered":"https:\/\/tvc16.com\/portal\/?p=3422"},"modified":"2020-10-21T16:16:35","modified_gmt":"2020-10-21T16:16:35","slug":"projeto-de-lei-preve-parcelamento-dos-debitos-do-simples-nacional","status":"publish","type":"post","link":"https:\/\/tvc16.com\/portal\/2020\/10\/21\/projeto-de-lei-preve-parcelamento-dos-debitos-do-simples-nacional\/","title":{"rendered":"Projeto de lei prev\u00ea parcelamento dos d\u00e9bitos do Simples Nacional"},"content":{"rendered":"\n<p>O deputado Eduardo Costa (PTV-PA) prop\u00f4s \u00e0 C\u00e2mara dos Deputados um Projeto de Lei Complementar (PLP 156\/20) que prev\u00ea <a href=\"https:\/\/www.camara.leg.br\/noticias\/701010-proposta-preve-em-razao-da-pandemia-o-parcelamento-de-debitos-no-simples-nacional\/\">o parcelamento em at\u00e9 24 meses<\/a>, sem multa de mora, dos d\u00e9bitos referentes a tributos apurados na forma do Simples Nacional nos meses de mar\u00e7o a maio de 2020. O texto est\u00e1 em an\u00e1lise na casa legislativa.<br>Em raz\u00e3o da pandemia de Covid-19, o conselho gestor do Simples Nacional adiou o prazo de recolhimento desses tributos. A medida foi adotada depois de o Congresso Nacional reconhecer, em mar\u00e7o, estado de calamidade p\u00fablica no Pa\u00eds.<br>&nbsp;<\/p>\n\n\n\n<p>Fonte: <a href=\"https:\/\/brasil61.com\/noticias\/projeto-de-lei-preve-parcelamento-dos-debitos-do-simples-nacional-bras202286?email=bethdeoliveira@yahoo.com.br&amp;utm_source=newsletter&amp;utm_medium=newsletter&amp;utm_campaign=newsletter\" target=\"_blank\" rel=\"noreferrer noopener\">Brasil 61<\/a><\/p>\n","protected":false},"excerpt":{"rendered":"<p>O deputado Eduardo Costa (PTV-PA) prop\u00f4s \u00e0 C\u00e2mara dos Deputados um Projeto de Lei Complementar<\/p>\n","protected":false},"author":2,"featured_media":3423,"comment_status":"open","ping_status":"open","sticky":false,"template":"","format":"standard","meta":{"footnotes":""},"categories":[18],"tags":[],"class_list":["post-3422","post","type-post","status-publish","format-standard","has-post-thumbnail","hentry","category-economia"],"_links":{"self":[{"href":"https:\/\/tvc16.com\/portal\/wp-json\/wp\/v2\/posts\/3422","targetHints":{"allow":["GET"]}}],"collection":[{"href":"https:\/\/tvc16.com\/portal\/wp-json\/wp\/v2\/posts"}],"about":[{"href":"https:\/\/tvc16.com\/portal\/wp-json\/wp\/v2\/types\/post"}],"author":[{"embeddable":true,"href":"https:\/\/tvc16.com\/portal\/wp-json\/wp\/v2\/users\/2"}],"replies":[{"embeddable":true,"href":"https:\/\/tvc16.com\/portal\/wp-json\/wp\/v2\/comments?post=3422"}],"version-history":[{"count":1,"href":"https:\/\/tvc16.com\/portal\/wp-json\/wp\/v2\/posts\/3422\/revisions"}],"predecessor-version":[{"id":3424,"href":"https:\/\/tvc16.com\/portal\/wp-json\/wp\/v2\/posts\/3422\/revisions\/3424"}],"wp:featuredmedia":[{"embeddable":true,"href":"https:\/\/tvc16.com\/portal\/wp-json\/wp\/v2\/media\/3423"}],"wp:attachment":[{"href":"https:\/\/tvc16.com\/portal\/wp-json\/wp\/v2\/media?parent=3422"}],"wp:term":[{"taxonomy":"category","embeddable":true,"href":"https:\/\/tvc16.com\/portal\/wp-json\/wp\/v2\/categories?post=3422"},{"taxonomy":"post_tag","embeddable":true,"href":"https:\/\/tvc16.com\/portal\/wp-json\/wp\/v2\/tags?post=3422"}],"curies":[{"name":"wp","href":"https:\/\/api.w.org\/{rel}","templated":true}]}}