{"id":3425,"date":"2020-10-21T16:17:41","date_gmt":"2020-10-21T16:17:41","guid":{"rendered":"https:\/\/tvc16.com\/portal\/?p=3425"},"modified":"2020-10-21T16:17:41","modified_gmt":"2020-10-21T16:17:41","slug":"governo-federal-zera-imposto-sobre-o-milho-e-a-soja-ate-2021","status":"publish","type":"post","link":"https:\/\/tvc16.com\/portal\/2020\/10\/21\/governo-federal-zera-imposto-sobre-o-milho-e-a-soja-ate-2021\/","title":{"rendered":"Governo Federal zera imposto sobre o milho e a soja at\u00e9 2021"},"content":{"rendered":"\n<p>Dois dos principais gr\u00e3os da agricultura nacional \u2013 soja e milho \u2013 ter\u00e3o a <a href=\"https:\/\/www.gov.br\/agricultura\/pt-br\/assuntos\/noticias\/imposto-de-importacao-de-soja-e-milho-e-zerado-ate-2021\">al\u00edquota do imposto<\/a> de importa\u00e7\u00e3o zerada a fim de manter o equil\u00edbrio na oferta desses produtos no mercado dom\u00e9stico.<\/p>\n\n\n\n<p>A decis\u00e3o foi tomada pelo Comit\u00ea-Executivo de Gest\u00e3o (Gecex) da C\u00e2mara de Com\u00e9rcio Exterior (Camex), a partir de propostas apresentadas pelos minist\u00e9rios da Agricultura, Pecu\u00e1ria e Abastecimento (sobre a soja) e da Economia (sobre o milho).<\/p>\n\n\n\n<p>A suspens\u00e3o tempor\u00e1ria do imposto de importa\u00e7\u00e3o para soja valer\u00e1 at\u00e9 15 de janeiro de 2021. J\u00e1 em rela\u00e7\u00e3o ao milho, as importa\u00e7\u00f5es brasileiras sem pagamento de impostos ir\u00e3o at\u00e9 31 de mar\u00e7o de 2021. &nbsp;As datas foram definidas para n\u00e3o comprometer a comercializa\u00e7\u00e3o da pr\u00f3xima safra, que tem a colheita prevista para in\u00edcio do pr\u00f3ximo ano.<\/p>\n\n\n\n<p>Fonte: <a href=\"https:\/\/brasil61.com\/noticias\/governo-federal-zera-imposto-sobre-o-milho-e-a-soja-ate-2021-bras202271?email=bethdeoliveira@yahoo.com.br&amp;utm_source=newsletter&amp;utm_medium=newsletter&amp;utm_campaign=newsletter\" target=\"_blank\" rel=\"noreferrer noopener\">Brasil 61<\/a><\/p>\n","protected":false},"excerpt":{"rendered":"<p>Dois dos principais gr\u00e3os da agricultura nacional \u2013 soja e milho \u2013 ter\u00e3o a al\u00edquota<\/p>\n","protected":false},"author":2,"featured_media":3426,"comment_status":"open","ping_status":"open","sticky":false,"template":"","format":"standard","meta":{"footnotes":""},"categories":[18],"tags":[],"class_list":["post-3425","post","type-post","status-publish","format-standard","has-post-thumbnail","hentry","category-economia"],"_links":{"self":[{"href":"https:\/\/tvc16.com\/portal\/wp-json\/wp\/v2\/posts\/3425","targetHints":{"allow":["GET"]}}],"collection":[{"href":"https:\/\/tvc16.com\/portal\/wp-json\/wp\/v2\/posts"}],"about":[{"href":"https:\/\/tvc16.com\/portal\/wp-json\/wp\/v2\/types\/post"}],"author":[{"embeddable":true,"href":"https:\/\/tvc16.com\/portal\/wp-json\/wp\/v2\/users\/2"}],"replies":[{"embeddable":true,"href":"https:\/\/tvc16.com\/portal\/wp-json\/wp\/v2\/comments?post=3425"}],"version-history":[{"count":1,"href":"https:\/\/tvc16.com\/portal\/wp-json\/wp\/v2\/posts\/3425\/revisions"}],"predecessor-version":[{"id":3427,"href":"https:\/\/tvc16.com\/portal\/wp-json\/wp\/v2\/posts\/3425\/revisions\/3427"}],"wp:featuredmedia":[{"embeddable":true,"href":"https:\/\/tvc16.com\/portal\/wp-json\/wp\/v2\/media\/3426"}],"wp:attachment":[{"href":"https:\/\/tvc16.com\/portal\/wp-json\/wp\/v2\/media?parent=3425"}],"wp:term":[{"taxonomy":"category","embeddable":true,"href":"https:\/\/tvc16.com\/portal\/wp-json\/wp\/v2\/categories?post=3425"},{"taxonomy":"post_tag","embeddable":true,"href":"https:\/\/tvc16.com\/portal\/wp-json\/wp\/v2\/tags?post=3425"}],"curies":[{"name":"wp","href":"https:\/\/api.w.org\/{rel}","templated":true}]}}