{"id":3428,"date":"2020-10-21T16:19:31","date_gmt":"2020-10-21T16:19:31","guid":{"rendered":"https:\/\/tvc16.com\/portal\/?p=3428"},"modified":"2020-10-21T16:19:31","modified_gmt":"2020-10-21T16:19:31","slug":"municipios-devem-conferir-se-ha-pendencias-no-plano-de-acao-da-lei-aldir-blanc","status":"publish","type":"post","link":"https:\/\/tvc16.com\/portal\/2020\/10\/21\/municipios-devem-conferir-se-ha-pendencias-no-plano-de-acao-da-lei-aldir-blanc\/","title":{"rendered":"Munic\u00edpios devem conferir se h\u00e1 pend\u00eancias no plano de a\u00e7\u00e3o da Lei Aldir Blanc"},"content":{"rendered":"\n<p>Data de publica\u00e7\u00e3o: 21 de Outubro de 2020, 11:30h<\/p>\n\n\n\n<p>A Confedera\u00e7\u00e3o Nacional de Munic\u00edpios (CNM) alerta que \u00e9 preciso acompanhar o processo e verificar se h\u00e1 pedido de complementa\u00e7\u00e3o do documento<\/p>\n\n\n\n<p>Terminou no dia 17 de outubro o prazo para que as gest\u00f5es municipais tivessem &nbsp;manifestado interesse nos recursos do aux\u00edlio emergencial para a cultura, estabelecido pela Lei Aldir Blanc. Agora, ap\u00f3s esta etapa, a Confedera\u00e7\u00e3o Nacional de Munic\u00edpios (CNM) alerta que \u00e9 preciso acompanhar o processo e verificar se h\u00e1 pedido de complementa\u00e7\u00e3o do documento.<\/p>\n\n\n\n<p>A entidade disponibilizou uma <a href=\"https:\/\/www.cnm.org.br\/cms\/images\/stories\/comunicacao_novo\/cultura\/termo_adesao_20.10_1.pdf\">lista<\/a> com Munic\u00edpios com pend\u00eancia no plano de a\u00e7\u00e3o. Ap\u00f3s an\u00e1lise, se o plano de a\u00e7\u00e3o n\u00e3o estiver de acordo com a Lei, o governo federal solicita a complementa\u00e7\u00e3o. Nesse caso, o gestor deve fazer os ajustes na Plataforma +Brasil e enviar o plano para nova an\u00e1lise.<\/p>\n\n\n\n<p><strong><a href=\"https:\/\/brasil61.com\/noticias\/rs-secretaria-da-cultura-recebe-1-7-mil-projetos-para-editais-da-lei-aldir-blanc-bras202260\">RS: Secretaria da Cultura recebe 1,7 mil projetos para editais da Lei Aldir Blanc<\/a><\/strong><\/p>\n\n\n\n<p><strong><a href=\"https:\/\/brasil61.com\/noticias\/municipios-tem-ate-este-sabado-17-para-manifestar-interesse-em-recursos-da-lei-aldir-blanc-bras202237\">Munic\u00edpios t\u00eam at\u00e9 este s\u00e1bado (17) para manifestar interesse em recursos da Lei Aldir Blanc<\/a><\/strong><\/p>\n\n\n\n<p>Quando o plano de a\u00e7\u00e3o \u00e9 aprovado pela Uni\u00e3o, o passo seguinte \u00e9 a abertura de uma conta banc\u00e1ria pela Plataforma +Brasil. Por meio dela os recursos s\u00e3o transferidos em parcela \u00fanica, &nbsp;devendo o Munic\u00edpio comunicar ao gerente da ag\u00eancia de relacionamento quem ser\u00e3o os gestores locais respons\u00e1veis por operar a verba.<\/p>\n\n\n\n<p>Caso a gest\u00e3o local tenha se equivocado na indica\u00e7\u00e3o da ag\u00eancia de relacionamento do Banco do Brasil em um plano de a\u00e7\u00e3o j\u00e1 autorizado, pode solicitar a corre\u00e7\u00e3o pelo &nbsp;e-mail auxiliocultura@turismo.gov.br. A retifica\u00e7\u00e3o s\u00f3 pode ser feita se o Munic\u00edpio ainda n\u00e3o tiver assinado o termo de ades\u00e3o.&nbsp;<\/p>\n\n\n\n<p>Fonte: <a href=\"https:\/\/brasil61.com\/noticias\/municipios-devem-conferir-se-ha-pendencias-no-plano-de-acao-da-lei-aldir-blanc-bras202297?email=bethdeoliveira@yahoo.com.br&amp;utm_source=newsletter&amp;utm_medium=newsletter&amp;utm_campaign=newsletter\" target=\"_blank\" rel=\"noreferrer noopener\">Brasil 61<\/a><\/p>\n","protected":false},"excerpt":{"rendered":"<p>Data de publica\u00e7\u00e3o: 21 de Outubro de 2020, 11:30h A Confedera\u00e7\u00e3o Nacional de Munic\u00edpios (CNM)<\/p>\n","protected":false},"author":2,"featured_media":3429,"comment_status":"open","ping_status":"open","sticky":false,"template":"","format":"standard","meta":{"footnotes":""},"categories":[21],"tags":[],"class_list":["post-3428","post","type-post","status-publish","format-standard","has-post-thumbnail","hentry","category-cultura"],"_links":{"self":[{"href":"https:\/\/tvc16.com\/portal\/wp-json\/wp\/v2\/posts\/3428","targetHints":{"allow":["GET"]}}],"collection":[{"href":"https:\/\/tvc16.com\/portal\/wp-json\/wp\/v2\/posts"}],"about":[{"href":"https:\/\/tvc16.com\/portal\/wp-json\/wp\/v2\/types\/post"}],"author":[{"embeddable":true,"href":"https:\/\/tvc16.com\/portal\/wp-json\/wp\/v2\/users\/2"}],"replies":[{"embeddable":true,"href":"https:\/\/tvc16.com\/portal\/wp-json\/wp\/v2\/comments?post=3428"}],"version-history":[{"count":1,"href":"https:\/\/tvc16.com\/portal\/wp-json\/wp\/v2\/posts\/3428\/revisions"}],"predecessor-version":[{"id":3430,"href":"https:\/\/tvc16.com\/portal\/wp-json\/wp\/v2\/posts\/3428\/revisions\/3430"}],"wp:featuredmedia":[{"embeddable":true,"href":"https:\/\/tvc16.com\/portal\/wp-json\/wp\/v2\/media\/3429"}],"wp:attachment":[{"href":"https:\/\/tvc16.com\/portal\/wp-json\/wp\/v2\/media?parent=3428"}],"wp:term":[{"taxonomy":"category","embeddable":true,"href":"https:\/\/tvc16.com\/portal\/wp-json\/wp\/v2\/categories?post=3428"},{"taxonomy":"post_tag","embeddable":true,"href":"https:\/\/tvc16.com\/portal\/wp-json\/wp\/v2\/tags?post=3428"}],"curies":[{"name":"wp","href":"https:\/\/api.w.org\/{rel}","templated":true}]}}