{"id":3435,"date":"2020-10-21T16:25:10","date_gmt":"2020-10-21T16:25:10","guid":{"rendered":"https:\/\/tvc16.com\/portal\/?p=3435"},"modified":"2020-10-21T16:25:10","modified_gmt":"2020-10-21T16:25:10","slug":"isp-rj-realiza-estudo-pioneiro-para-identificar-reflexos-do-distanciamento-social-na-reducao-de-roubos-de-rua-e-de-veiculos","status":"publish","type":"post","link":"https:\/\/tvc16.com\/portal\/2020\/10\/21\/isp-rj-realiza-estudo-pioneiro-para-identificar-reflexos-do-distanciamento-social-na-reducao-de-roubos-de-rua-e-de-veiculos\/","title":{"rendered":"ISP RJ realiza estudo pioneiro para identificar reflexos do distanciamento social na redu\u00e7\u00e3o de roubos de rua e de ve\u00edculos"},"content":{"rendered":"\n<p><\/p>\n\n\n\n<p><em>Instituto de Seguran\u00e7a P\u00fablica&nbsp;cruzou os registros da Pol\u00edcia Civil com os dados do hist\u00f3rico de localiza\u00e7\u00e3o dos usu\u00e1rios do Google<\/em><\/p>\n\n\n\n<p>O Instituto de Seguran\u00e7a P\u00fablica (ISP) elaborou um estudo in\u00e9dito e pioneiro para determinar a influ\u00eancia do isolamento social, provocado pela pandemia do novo coronav\u00edrus, nos crimes contra o patrim\u00f4nio. No per\u00edodo, foi registrada a redu\u00e7\u00e3o de roubos de rua e de ve\u00edculos. A equipe de analistas do ISP cruzou os registros da Secretaria de Estado de Pol\u00edcia Civil com os dados do hist\u00f3rico de localiza\u00e7\u00e3o dos usu\u00e1rios do Google, tendo como par\u00e2metro de normalidade o m\u00eas de janeiro de 2020.<\/p>\n\n\n\n<p><br>Segundo a pesquisa, de janeiro a setembro deste ano, o estado registrou queda de 42% nos roubos de rua em rela\u00e7\u00e3o ao mesmo per\u00edodo de 2019. A forte redu\u00e7\u00e3o tamb\u00e9m foi observada no roubo de ve\u00edculo, que foi 33% menor nos nove primeiros meses deste ano, na compara\u00e7\u00e3o com 2019.<\/p>\n\n\n\n<p><br>A exce\u00e7\u00e3o \u00e9 para o roubo de carga, que tamb\u00e9m apresentou queda este ano, mas n\u00e3o h\u00e1 liga\u00e7\u00e3o com o menor n\u00famero de pessoas nas ruas.&nbsp;No acumulado do ano, o indicador apresentou redu\u00e7\u00e3o de 33% em rela\u00e7\u00e3o ao mesmo per\u00edodo de 2019.<\/p>\n\n\n\n<p><br>&#8211; O primeiro decreto estadual que estabeleceu uma s\u00e9rie de medidas para evitar a propaga\u00e7\u00e3o do coronav\u00edrus foi editado em 13 de mar\u00e7o deste ano. A partir desta data, houve um aumento de pessoas que acionaram a localiza\u00e7\u00e3o dos servi\u00e7os Google dentro de casa. Com isso, observamos uma queda consider\u00e1vel dos roubos de rua e de ve\u00edculo. H\u00e1 uma correla\u00e7\u00e3o muito forte entre a diminui\u00e7\u00e3o desses casos, conhecidos como crimes de oportunidade, e o n\u00edvel de isolamento &#8211; explicou a presidente do ISP, Marcela Ortiz.<\/p>\n\n\n\n<p><br><strong>Relaxamento do distanciamento<\/strong><\/p>\n\n\n\n<p><br>A partir do m\u00eas de junho, a pesquisa mostra que o n\u00edvel de distanciamento social come\u00e7ou a diminuir no estado. No mesmo per\u00edodo, h\u00e1 um leve aumento nos n\u00fameros de roubos de rua e de ve\u00edculo, fen\u00f4meno n\u00e3o observado para o roubo de cargas.<\/p>\n\n\n\n<p>O estudo tamb\u00e9m destaca que, apesar do retorno de uma s\u00e9rie de atividades econ\u00f4micas, no m\u00eas de setembro, o n\u00edvel de isolamento ainda \u00e9 mais alto do que o observado em mar\u00e7o. Isso indica que o n\u00famero de crimes ainda est\u00e1 sendo impactado pelo distanciamento social.<\/p>\n","protected":false},"excerpt":{"rendered":"<p>Instituto de Seguran\u00e7a P\u00fablica&nbsp;cruzou os registros da Pol\u00edcia Civil com os dados do hist\u00f3rico de<\/p>\n","protected":false},"author":2,"featured_media":3436,"comment_status":"open","ping_status":"open","sticky":false,"template":"","format":"standard","meta":{"footnotes":""},"categories":[17],"tags":[],"class_list":["post-3435","post","type-post","status-publish","format-standard","has-post-thumbnail","hentry","category-outras-noticias"],"_links":{"self":[{"href":"https:\/\/tvc16.com\/portal\/wp-json\/wp\/v2\/posts\/3435","targetHints":{"allow":["GET"]}}],"collection":[{"href":"https:\/\/tvc16.com\/portal\/wp-json\/wp\/v2\/posts"}],"about":[{"href":"https:\/\/tvc16.com\/portal\/wp-json\/wp\/v2\/types\/post"}],"author":[{"embeddable":true,"href":"https:\/\/tvc16.com\/portal\/wp-json\/wp\/v2\/users\/2"}],"replies":[{"embeddable":true,"href":"https:\/\/tvc16.com\/portal\/wp-json\/wp\/v2\/comments?post=3435"}],"version-history":[{"count":1,"href":"https:\/\/tvc16.com\/portal\/wp-json\/wp\/v2\/posts\/3435\/revisions"}],"predecessor-version":[{"id":3437,"href":"https:\/\/tvc16.com\/portal\/wp-json\/wp\/v2\/posts\/3435\/revisions\/3437"}],"wp:featuredmedia":[{"embeddable":true,"href":"https:\/\/tvc16.com\/portal\/wp-json\/wp\/v2\/media\/3436"}],"wp:attachment":[{"href":"https:\/\/tvc16.com\/portal\/wp-json\/wp\/v2\/media?parent=3435"}],"wp:term":[{"taxonomy":"category","embeddable":true,"href":"https:\/\/tvc16.com\/portal\/wp-json\/wp\/v2\/categories?post=3435"},{"taxonomy":"post_tag","embeddable":true,"href":"https:\/\/tvc16.com\/portal\/wp-json\/wp\/v2\/tags?post=3435"}],"curies":[{"name":"wp","href":"https:\/\/api.w.org\/{rel}","templated":true}]}}