{"id":3450,"date":"2020-10-21T16:34:29","date_gmt":"2020-10-21T16:34:29","guid":{"rendered":"https:\/\/tvc16.com\/portal\/?p=3450"},"modified":"2020-10-21T16:34:29","modified_gmt":"2020-10-21T16:34:29","slug":"libertadores-fla-encara-junior-barranquilla-para-se-manter-lider","status":"publish","type":"post","link":"https:\/\/tvc16.com\/portal\/2020\/10\/21\/libertadores-fla-encara-junior-barranquilla-para-se-manter-lider\/","title":{"rendered":"Libertadores: Fla encara J\u00fanior Barranquilla para se manter l\u00edder"},"content":{"rendered":"\n<h2 class=\"wp-block-heading\"><\/h2>\n\n\n\n<h3 class=\"wp-block-heading\">R\u00e1dio Nacional transmite duelo ao vivo, direto do Maracan\u00e3<\/h3>\n\n\n\n<h4 class=\"wp-block-heading\">Publicado em 21\/10\/2020 &#8211; Por Ag\u00eancia Brasil &#8211; Rio de Janeiro<\/h4>\n\n\n\n<p>J\u00e1 classificado \u00e0s oitavas de final da Copa Libertadores, o&nbsp;Flamengo encara&nbsp;o Junior Barranquilla (COL) nesta&nbsp;quarta-feira (21), no Maracan\u00e3, pela&nbsp;sexta e \u00faltima rodada da Fase de Grupos da competi\u00e7\u00e3o.&nbsp;A partida ter\u00e1 in\u00edcio \u00e0s 21h30 (hor\u00e1rio de Bras\u00edlia) e ser\u00e1 transmitida ao vivo,&nbsp;<a href=\"https:\/\/radios.ebc.com.br\/nacionalrioam\"><strong>R\u00e1dio Nacional,<\/strong><\/a>&nbsp;com&nbsp;narra\u00e7\u00e3o de Andr\u00e9 Marques, coment\u00e1rios de M\u00e1rio Silva, reportagem&nbsp;de Rodrigo Campos e&nbsp;plant\u00e3o de Luiz Ferreira. A cobertura tem in\u00edcio \u00e0s 21h, com o Show de Bola Nacional, que tamb\u00e9m pode ser acompanhado abaixo:<img decoding=\"async\" src=\"https:\/\/agenciabrasil.ebc.com.br\/ebc.png?id=1391134&amp;o=node\"><img decoding=\"async\" src=\"https:\/\/agenciabrasil.ebc.com.br\/ebc.gif?id=1391134&amp;o=node\"><\/p>\n\n\n\n<p><a href=\"https:\/\/aovivo.ebc.com.br\/embed-audio.html?emissora=radio-nacional-de-brasilia\">https:\/\/aovivo.ebc.com.br\/embed-audio.html?emissora=radio-nacional-de-brasilia<\/a><\/p>\n\n\n\n<p>Embora a equipe rubro-negra j\u00e1 tenha assegurado o acesso \u00e0 pr\u00f3xima fase, o confronto ser\u00e1 importante para garantir a classifica\u00e7\u00e3o na primeira coloca\u00e7\u00e3o do Grupo 1.A posi\u00e7\u00e3o no topo da chave permite ao time&nbsp;realizar&nbsp;em casa o jogo da volta das oitavas.&nbsp;Para se manterem na lideran\u00e7a, os brasileiros precisam apenas de um empate.&nbsp;<\/p>\n\n\n\n<p>Por outro lado, somente a vit\u00f3ria interessa aos colombianos e, mesmo assim, depende de outros resultados para seguir vivo na Libertadores.\u00a0Na terceira coloca\u00e7\u00e3o, com seis pontos, o Junior Barranquilla\u00a0ter\u00e1 que torcer para o vice-l\u00edder Independiente del Valle (EQU), com nove pontos, perder para o Barcelona de Guayaquil (EQU). O confronto entre equatorianos vai ocorrer simultaneamente com o embate entre Flamengo e Junior Barranquilla. Outra desvantagem do Junior em rela\u00e7\u00e3o ao concorrente \u00e9 no crit\u00e9rio de desempate do saldo de gols. Os colombianos t\u00eam dois negativos, enquanto os equatorianos somam quatro.<\/p>\n\n\n\n<p>Na estreia da Libertadores, o Flamengo bateu o Junior Barranquilla fora de casa, por 2 a 1, com dois gols de Everton Ribeiro. Na ocasi\u00e3o, o time carioca ainda tinha como t\u00e9cnico o portugu\u00eas Jorge Jesus.<\/p>\n\n\n\n<p>A escala\u00e7\u00e3o do Flamengo, comandado&nbsp;pelo t\u00e9cnico catal\u00e3o Dom\u00e8nec Torrent \u00e9 o grande mist\u00e9rio para o duelo desta&nbsp;noite. Este ser\u00e1 o sexto jogo&nbsp;em apenas 18 dias. Levando em considera\u00e7\u00e3o a sequ\u00eancia desgastante e j\u00e1 garantido \u00e0 pr\u00f3xima fase,&nbsp;resta saber se&nbsp;Dome&nbsp;vai optar por poupar ou n\u00e3o os titulares. Al\u00e9m da maratona cansativa, no pr\u00f3ximo&nbsp;domingo&nbsp;(25), pelo Campeonato Brasileiro, o Flamengo enfrentar\u00e1 o&nbsp;l\u00edder Internacional no Beira-Rio, em Porto Alegre (RS). Em caso de vit\u00f3ria, o Rubro-Negro assume a lideran\u00e7a do Brasileir\u00e3o.<\/p>\n\n\n\n<p>Confira a&nbsp;<a href=\"https:\/\/agenciabrasil.ebc.com.br\/esportes\/tabelas\/libertadores.html\"><strong>AQUI<\/strong><\/a>&nbsp;a&nbsp;tabela de classifica\u00e7\u00e3o da Copa Libertadores da Am\u00e9rica.<\/p>\n\n\n\n<p>Edi\u00e7\u00e3o: Cl\u00e1udia Soares Rodrigues<\/p>\n","protected":false},"excerpt":{"rendered":"<p>R\u00e1dio Nacional transmite duelo ao vivo, direto do Maracan\u00e3 Publicado em 21\/10\/2020 &#8211; Por Ag\u00eancia<\/p>\n","protected":false},"author":2,"featured_media":3451,"comment_status":"open","ping_status":"open","sticky":false,"template":"","format":"standard","meta":{"footnotes":""},"categories":[20],"tags":[],"class_list":["post-3450","post","type-post","status-publish","format-standard","has-post-thumbnail","hentry","category-esporte"],"_links":{"self":[{"href":"https:\/\/tvc16.com\/portal\/wp-json\/wp\/v2\/posts\/3450","targetHints":{"allow":["GET"]}}],"collection":[{"href":"https:\/\/tvc16.com\/portal\/wp-json\/wp\/v2\/posts"}],"about":[{"href":"https:\/\/tvc16.com\/portal\/wp-json\/wp\/v2\/types\/post"}],"author":[{"embeddable":true,"href":"https:\/\/tvc16.com\/portal\/wp-json\/wp\/v2\/users\/2"}],"replies":[{"embeddable":true,"href":"https:\/\/tvc16.com\/portal\/wp-json\/wp\/v2\/comments?post=3450"}],"version-history":[{"count":1,"href":"https:\/\/tvc16.com\/portal\/wp-json\/wp\/v2\/posts\/3450\/revisions"}],"predecessor-version":[{"id":3452,"href":"https:\/\/tvc16.com\/portal\/wp-json\/wp\/v2\/posts\/3450\/revisions\/3452"}],"wp:featuredmedia":[{"embeddable":true,"href":"https:\/\/tvc16.com\/portal\/wp-json\/wp\/v2\/media\/3451"}],"wp:attachment":[{"href":"https:\/\/tvc16.com\/portal\/wp-json\/wp\/v2\/media?parent=3450"}],"wp:term":[{"taxonomy":"category","embeddable":true,"href":"https:\/\/tvc16.com\/portal\/wp-json\/wp\/v2\/categories?post=3450"},{"taxonomy":"post_tag","embeddable":true,"href":"https:\/\/tvc16.com\/portal\/wp-json\/wp\/v2\/tags?post=3450"}],"curies":[{"name":"wp","href":"https:\/\/api.w.org\/{rel}","templated":true}]}}