{"id":3453,"date":"2020-10-21T16:37:13","date_gmt":"2020-10-21T16:37:13","guid":{"rendered":"https:\/\/tvc16.com\/portal\/?p=3453"},"modified":"2020-10-21T16:37:13","modified_gmt":"2020-10-21T16:37:13","slug":"eua-convidam-brasil-para-integrar-o-programa-espacial-artemis","status":"publish","type":"post","link":"https:\/\/tvc16.com\/portal\/2020\/10\/21\/eua-convidam-brasil-para-integrar-o-programa-espacial-artemis\/","title":{"rendered":"EUA convidam Brasil para integrar o programa espacial Artemis"},"content":{"rendered":"\n<h2 class=\"wp-block-heading\"><\/h2>\n\n\n\n<h3 class=\"wp-block-heading\">Projeto pretende levar mulher \u00e0 lua em 2024<\/h3>\n\n\n\n<h4 class=\"wp-block-heading\">Publicado em 21\/10\/2020 &#8211; Por Pedro Peduzzi &#8211; Rep\u00f3rter da Ag\u00eancia Brasil &#8211; Bras\u00edlia<\/h4>\n\n\n\n<p>Em meio \u00e0 visita que faz ao Brasil, o conselheiro de Seguran\u00e7a Nacional dos Estados Unidos, Robert O\u2019Brien, convidou o pa\u00eds parceiro a integrar o programa espacial Artemis, que pretende levar a primeira mulher \u00e0 lua em 2024.<img decoding=\"async\" src=\"https:\/\/agenciabrasil.ebc.com.br\/ebc.png?id=1391204&amp;o=node\"><img decoding=\"async\" src=\"https:\/\/agenciabrasil.ebc.com.br\/ebc.gif?id=1391204&amp;o=node\"><\/p>\n\n\n\n<p>\u201cEm nome do presidente [Donald Trump], tenho a honra de convidar o Brasil a assinar os Acordos Artemis. Esses acordos guiar\u00e3o os Estados Unidos, o Brasil e parceiros com interesses semelhantes \u00e0 medida que fortalecemos os esfor\u00e7os de explora\u00e7\u00e3o espacial para um futuro pr\u00f3spero\u201d, disse O\u2019Brien por meio de sua conta no&nbsp;<em>Twitter<\/em>.<\/p>\n\n\n\n<p>De acordo com a ag\u00eancia espacial norte-americana (Nasa), o pouso na superf\u00edcie lunar deve acontecer em 2024, na miss\u00e3o Artemis 3, terceira fase do programa. Antes disso, a Nasa vai lan\u00e7ar dois testes de voo ao redor do sat\u00e9lite para verificar o desempenho, suporte de vida e capacidades de comunica\u00e7\u00e3o do foguete e da c\u00e1psula onde viajar\u00e3o os astronautas.<\/p>\n\n\n\n<p>A primeira miss\u00e3o est\u00e1 preparada para 2021, sem astronautas, e a Artemis 2 ser\u00e1 com a tripula\u00e7\u00e3o, em 2023.<\/p>\n\n\n\n<p>O objetivo da ag\u00eancia \u00e9, em colabora\u00e7\u00e3o com parceiros comerciais e internacionais, estabelecer a explora\u00e7\u00e3o sustent\u00e1vel da superf\u00edcie lunar at\u00e9 o final da d\u00e9cada. A miss\u00e3o \u00e9 uma esp\u00e9cie de prepara\u00e7\u00e3o para um outro desafio, ainda mais ousado: enviar astronautas a Marte.<\/p>\n\n\n\n<p>A primeira vez que o homem esteve na lua foi em 1969, com a miss\u00e3o Apollo 11. Pelo mesmo programa, em 1972, a Nasa realizou a \u00faltima viagem tripulada ao sat\u00e9lite.<\/p>\n\n\n\n<p>Edi\u00e7\u00e3o: Kleber Sampaio<\/p>\n","protected":false},"excerpt":{"rendered":"<p>Projeto pretende levar mulher \u00e0 lua em 2024 Publicado em 21\/10\/2020 &#8211; Por Pedro Peduzzi<\/p>\n","protected":false},"author":2,"featured_media":3454,"comment_status":"open","ping_status":"open","sticky":false,"template":"","format":"standard","meta":{"footnotes":""},"categories":[22],"tags":[],"class_list":["post-3453","post","type-post","status-publish","format-standard","has-post-thumbnail","hentry","category-internacional"],"_links":{"self":[{"href":"https:\/\/tvc16.com\/portal\/wp-json\/wp\/v2\/posts\/3453","targetHints":{"allow":["GET"]}}],"collection":[{"href":"https:\/\/tvc16.com\/portal\/wp-json\/wp\/v2\/posts"}],"about":[{"href":"https:\/\/tvc16.com\/portal\/wp-json\/wp\/v2\/types\/post"}],"author":[{"embeddable":true,"href":"https:\/\/tvc16.com\/portal\/wp-json\/wp\/v2\/users\/2"}],"replies":[{"embeddable":true,"href":"https:\/\/tvc16.com\/portal\/wp-json\/wp\/v2\/comments?post=3453"}],"version-history":[{"count":1,"href":"https:\/\/tvc16.com\/portal\/wp-json\/wp\/v2\/posts\/3453\/revisions"}],"predecessor-version":[{"id":3455,"href":"https:\/\/tvc16.com\/portal\/wp-json\/wp\/v2\/posts\/3453\/revisions\/3455"}],"wp:featuredmedia":[{"embeddable":true,"href":"https:\/\/tvc16.com\/portal\/wp-json\/wp\/v2\/media\/3454"}],"wp:attachment":[{"href":"https:\/\/tvc16.com\/portal\/wp-json\/wp\/v2\/media?parent=3453"}],"wp:term":[{"taxonomy":"category","embeddable":true,"href":"https:\/\/tvc16.com\/portal\/wp-json\/wp\/v2\/categories?post=3453"},{"taxonomy":"post_tag","embeddable":true,"href":"https:\/\/tvc16.com\/portal\/wp-json\/wp\/v2\/tags?post=3453"}],"curies":[{"name":"wp","href":"https:\/\/api.w.org\/{rel}","templated":true}]}}