{"id":3459,"date":"2020-10-21T16:41:17","date_gmt":"2020-10-21T16:41:17","guid":{"rendered":"https:\/\/tvc16.com\/portal\/?p=3459"},"modified":"2020-10-21T16:41:17","modified_gmt":"2020-10-21T16:41:17","slug":"covid-19-europa-tem-novo-recorde-semanal-de-927-mil-casos","status":"publish","type":"post","link":"https:\/\/tvc16.com\/portal\/2020\/10\/21\/covid-19-europa-tem-novo-recorde-semanal-de-927-mil-casos\/","title":{"rendered":"Covid-19: Europa tem novo recorde semanal de 927 mil casos"},"content":{"rendered":"\n<h2 class=\"wp-block-heading\"><\/h2>\n\n\n\n<h3 class=\"wp-block-heading\">Dados s\u00e3o da Se\u00e7\u00e3o Europeia da Organiza\u00e7\u00e3o Mundial da Sa\u00fade<\/h3>\n\n\n\n<h4 class=\"wp-block-heading\">Publicado em 21\/10\/2020 &#8211; Por RTP &#8211; Lisboa<\/h4>\n\n\n\n<figure class=\"wp-block-image\"><a href=\"https:\/\/www.rtp.pt\/\" target=\"_blank\" rel=\"noreferrer noopener\"><img decoding=\"async\" src=\"https:\/\/agenciabrasil.ebc.com.br\/sites\/default\/files\/styles\/269x0\/public\/logo_parceiros\/logo_rtp.jpg?itok=HEH6qO8e\" alt=\"RTP - R\u00e1dio e Televis\u00e3o de Portugal\"\/><\/a><\/figure>\n\n\n\n<p>A Europa registrou na semana passada um novo recorde de infec\u00e7\u00f5es pelo novo coronav\u00edrus \u2013 927 mil casos&nbsp;-, segundo dados divulgados&nbsp;hoje (21) pela se\u00e7\u00e3o europeia da Organiza\u00e7\u00e3o Mundial da&nbsp;Sa\u00fade (OMS).<img decoding=\"async\" src=\"https:\/\/agenciabrasil.ebc.com.br\/ebc.png?id=1391188&amp;o=node\"><img decoding=\"async\" src=\"https:\/\/agenciabrasil.ebc.com.br\/ebc.gif?id=1391188&amp;o=node\"><\/p>\n\n\n\n<p>A Europa notificou nesse per\u00edodo um&nbsp;aumento&nbsp;de 25% dos casos confirmados e foi respons\u00e1vel por 38% dos novos casos em todo o mundo.<\/p>\n\n\n\n<p>A R\u00fassia, a Rep\u00fablica Checa e a It\u00e1lia tiveram&nbsp;mais da&nbsp;metade dos novos casos na Europa.<\/p>\n\n\n\n<p>O aumento mais significativo ocorreu&nbsp;Eslov\u00eania, onde&nbsp;os novos casos aumentaram 150% em rela\u00e7\u00e3o \u00e0 semana anterior, elevando-se a 4.890.<\/p>\n\n\n\n<p>A OMS destacou tamb\u00e9m que o n\u00famero de mortes associadas \u00e0 covid-19 na Europa \u201ccontinua a subir\u201d, tendo aumentado cerca de 30% em rela\u00e7\u00e3o \u00e0 semana anterior.<\/p>\n\n\n\n<p>Identificado pela primeira vez em dezembro na China, o v\u00edrus SARS-Cov-2 j\u00e1 infectou&nbsp;mais de 40 milh\u00f5es de pessoas em todo o mundo, sendo que 1,12 milh\u00e3o&nbsp;morreram.<\/p>\n","protected":false},"excerpt":{"rendered":"<p>Dados s\u00e3o da Se\u00e7\u00e3o Europeia da Organiza\u00e7\u00e3o Mundial da Sa\u00fade Publicado em 21\/10\/2020 &#8211; Por<\/p>\n","protected":false},"author":2,"featured_media":3460,"comment_status":"open","ping_status":"open","sticky":false,"template":"","format":"standard","meta":{"footnotes":""},"categories":[22],"tags":[],"class_list":["post-3459","post","type-post","status-publish","format-standard","has-post-thumbnail","hentry","category-internacional"],"_links":{"self":[{"href":"https:\/\/tvc16.com\/portal\/wp-json\/wp\/v2\/posts\/3459","targetHints":{"allow":["GET"]}}],"collection":[{"href":"https:\/\/tvc16.com\/portal\/wp-json\/wp\/v2\/posts"}],"about":[{"href":"https:\/\/tvc16.com\/portal\/wp-json\/wp\/v2\/types\/post"}],"author":[{"embeddable":true,"href":"https:\/\/tvc16.com\/portal\/wp-json\/wp\/v2\/users\/2"}],"replies":[{"embeddable":true,"href":"https:\/\/tvc16.com\/portal\/wp-json\/wp\/v2\/comments?post=3459"}],"version-history":[{"count":1,"href":"https:\/\/tvc16.com\/portal\/wp-json\/wp\/v2\/posts\/3459\/revisions"}],"predecessor-version":[{"id":3461,"href":"https:\/\/tvc16.com\/portal\/wp-json\/wp\/v2\/posts\/3459\/revisions\/3461"}],"wp:featuredmedia":[{"embeddable":true,"href":"https:\/\/tvc16.com\/portal\/wp-json\/wp\/v2\/media\/3460"}],"wp:attachment":[{"href":"https:\/\/tvc16.com\/portal\/wp-json\/wp\/v2\/media?parent=3459"}],"wp:term":[{"taxonomy":"category","embeddable":true,"href":"https:\/\/tvc16.com\/portal\/wp-json\/wp\/v2\/categories?post=3459"},{"taxonomy":"post_tag","embeddable":true,"href":"https:\/\/tvc16.com\/portal\/wp-json\/wp\/v2\/tags?post=3459"}],"curies":[{"name":"wp","href":"https:\/\/api.w.org\/{rel}","templated":true}]}}