{"id":346,"date":"2020-09-12T00:56:12","date_gmt":"2020-09-12T00:56:12","guid":{"rendered":"https:\/\/tvc16.com\/portal\/?p=346"},"modified":"2020-09-12T01:19:43","modified_gmt":"2020-09-12T01:19:43","slug":"comercio-de-petropolis-tera-ampliacao-no-horario-de-funcionamento","status":"publish","type":"post","link":"https:\/\/tvc16.com\/portal\/2020\/09\/12\/comercio-de-petropolis-tera-ampliacao-no-horario-de-funcionamento\/","title":{"rendered":"Com\u00e9rcio de Petr\u00f3polis ter\u00e1 amplia\u00e7\u00e3o no hor\u00e1rio de funcionamento"},"content":{"rendered":"\n<p>Foram divulgadas nesta sexta-feira (11.09) altera\u00e7\u00f5es no hor\u00e1rio de funcionamento do com\u00e9rcio. Agora o Centro Hist\u00f3rico vai funcionar entre 9h30 e 19h30, Rua Teresa e ruas adjacentes entre 8h30 e 17h30. Os novos hor\u00e1rios ser\u00e3o permitidos a partir da pr\u00f3xima segunda-feira, dia 14 de setembro.<\/p>\n\n\n\n<p>\u201cEsse foi mais um avan\u00e7o que o Sicom\u00e9rcio e outras entidades de classe conseguiram junto ao governo municipal. Estamos pleiteando a retomada do hor\u00e1rio praticado antes da pandemia, de 9h \u00e0s 18h, mas conseguir essa amplia\u00e7\u00e3o nos hor\u00e1rios atuais foi mais uma etapa vendida\u201d, comemora Marcelo Fiorini, presidente do Sindicato do Com\u00e9rcio varejista de Petr\u00f3polis \u2013 SICOM\u00c8RCIO.<\/p>\n\n\n\n<p>Sicom\u00e9rcio, CDL, lojistas da Rua 16 de mar\u00e7o e Associa\u00e7\u00e3o da Rua Teresa (ARTE) encaminharam, em agosto, tr\u00eas pedidos de retomada dos hor\u00e1rios \u00e0 prefeitura. As associa\u00e7\u00f5es defendem que a flexibiliza\u00e7\u00e3o do setor n\u00e3o influenciou a din\u00e2mica de circula\u00e7\u00e3o do novo coronav\u00edrus, e por isso a volta do hor\u00e1rio \u201cnormal\u201d deveria ser avaliada.<\/p>\n\n\n\n<p>\u201cO poder executivo vem conduzindo de maneira adequada os cuidados para evitar a dissemina\u00e7\u00e3o do v\u00edrus e, como consequ\u00eancia mantendo as taxas de ocupa\u00e7\u00e3o de leitos, de cl\u00ednica m\u00e9dica e UTI, abaixo dos 40% nas \u00faltimas semanas. Um avan\u00e7o que mostra que a popula\u00e7\u00e3o vem seguindo os decretos e colaborando para que a normalidade volte ao munic\u00edpio, explica Marcelo.<\/p>\n\n\n\n<figure class=\"wp-block-gallery columns-1 is-cropped wp-block-gallery-1 is-layout-flex wp-block-gallery-is-layout-flex\"><ul class=\"blocks-gallery-grid\"><li class=\"blocks-gallery-item\"><figure><img loading=\"lazy\" decoding=\"async\" width=\"1024\" height=\"576\" src=\"https:\/\/tvc16.com\/portal\/wp-content\/uploads\/2020\/09\/FACHADA-SICOMERCIO-1024x576.jpg\" alt=\"\" data-id=\"347\" data-full-url=\"https:\/\/tvc16.com\/portal\/wp-content\/uploads\/2020\/09\/FACHADA-SICOMERCIO.jpg\" data-link=\"https:\/\/tvc16.com\/portal\/?attachment_id=347\" class=\"wp-image-347\" srcset=\"https:\/\/tvc16.com\/portal\/wp-content\/uploads\/2020\/09\/FACHADA-SICOMERCIO-1024x576.jpg 1024w, https:\/\/tvc16.com\/portal\/wp-content\/uploads\/2020\/09\/FACHADA-SICOMERCIO-300x169.jpg 300w, https:\/\/tvc16.com\/portal\/wp-content\/uploads\/2020\/09\/FACHADA-SICOMERCIO-768x432.jpg 768w, https:\/\/tvc16.com\/portal\/wp-content\/uploads\/2020\/09\/FACHADA-SICOMERCIO.jpg 1032w\" sizes=\"auto, (max-width: 1024px) 100vw, 1024px\" \/><\/figure><\/li><\/ul><\/figure>\n\n\n","protected":false},"excerpt":{"rendered":"<p>Foram divulgadas nesta sexta-feira (11.09) altera\u00e7\u00f5es no hor\u00e1rio de funcionamento do com\u00e9rcio. Agora o Centro<\/p>\n","protected":false},"author":2,"featured_media":347,"comment_status":"open","ping_status":"open","sticky":false,"template":"","format":"standard","meta":{"footnotes":""},"categories":[12],"tags":[],"class_list":["post-346","post","type-post","status-publish","format-standard","has-post-thumbnail","hentry","category-cidade"],"_links":{"self":[{"href":"https:\/\/tvc16.com\/portal\/wp-json\/wp\/v2\/posts\/346","targetHints":{"allow":["GET"]}}],"collection":[{"href":"https:\/\/tvc16.com\/portal\/wp-json\/wp\/v2\/posts"}],"about":[{"href":"https:\/\/tvc16.com\/portal\/wp-json\/wp\/v2\/types\/post"}],"author":[{"embeddable":true,"href":"https:\/\/tvc16.com\/portal\/wp-json\/wp\/v2\/users\/2"}],"replies":[{"embeddable":true,"href":"https:\/\/tvc16.com\/portal\/wp-json\/wp\/v2\/comments?post=346"}],"version-history":[{"count":1,"href":"https:\/\/tvc16.com\/portal\/wp-json\/wp\/v2\/posts\/346\/revisions"}],"predecessor-version":[{"id":348,"href":"https:\/\/tvc16.com\/portal\/wp-json\/wp\/v2\/posts\/346\/revisions\/348"}],"wp:featuredmedia":[{"embeddable":true,"href":"https:\/\/tvc16.com\/portal\/wp-json\/wp\/v2\/media\/347"}],"wp:attachment":[{"href":"https:\/\/tvc16.com\/portal\/wp-json\/wp\/v2\/media?parent=346"}],"wp:term":[{"taxonomy":"category","embeddable":true,"href":"https:\/\/tvc16.com\/portal\/wp-json\/wp\/v2\/categories?post=346"},{"taxonomy":"post_tag","embeddable":true,"href":"https:\/\/tvc16.com\/portal\/wp-json\/wp\/v2\/tags?post=346"}],"curies":[{"name":"wp","href":"https:\/\/api.w.org\/{rel}","templated":true}]}}