{"id":3466,"date":"2020-10-21T18:12:29","date_gmt":"2020-10-21T18:12:29","guid":{"rendered":"https:\/\/tvc16.com\/portal\/?p=3466"},"modified":"2020-10-21T21:45:43","modified_gmt":"2020-10-21T21:45:43","slug":"mutirao-200-ja-pessoas-foram-atendidas-no-hac-e-no-centro-de-saude","status":"publish","type":"post","link":"https:\/\/tvc16.com\/portal\/2020\/10\/21\/mutirao-200-ja-pessoas-foram-atendidas-no-hac-e-no-centro-de-saude\/","title":{"rendered":"Mutir\u00e3o: 200 pessoas j\u00e1 foram atendidas no HAC e no Centro de Sa\u00fade"},"content":{"rendered":"\n<p>Com a retomada das atividades eletivas na sa\u00fade do munic\u00edpio, a prefeitura de Petr\u00f3polis tem feito uma programa\u00e7\u00e3o de mutir\u00f5es para agilizar todos os atendimentos de consultas, exames e cirurgias em Petr\u00f3polis. A demanda de pacientes para os atendimentos eletivos se formou nos \u00faltimos seis meses, entre mar\u00e7o e setembro deste ano, quando todos os procedimentos tiveram sua realiza\u00e7\u00e3o suspensa devido \u00e0s medidas de seguran\u00e7a para o enfrentamento da COVID-19 na Cidade. <\/p>\n\n\n\n<figure class=\"wp-block-image size-large\"><img loading=\"lazy\" decoding=\"async\" width=\"1024\" height=\"768\" src=\"https:\/\/tvc16.com\/portal\/wp-content\/uploads\/2020\/10\/WhatsApp-Image-2020-10-21-at-14.55.25.jpeg\" alt=\"\" class=\"wp-image-3467\" srcset=\"https:\/\/tvc16.com\/portal\/wp-content\/uploads\/2020\/10\/WhatsApp-Image-2020-10-21-at-14.55.25.jpeg 1024w, https:\/\/tvc16.com\/portal\/wp-content\/uploads\/2020\/10\/WhatsApp-Image-2020-10-21-at-14.55.25-300x225.jpeg 300w, https:\/\/tvc16.com\/portal\/wp-content\/uploads\/2020\/10\/WhatsApp-Image-2020-10-21-at-14.55.25-768x576.jpeg 768w, https:\/\/tvc16.com\/portal\/wp-content\/uploads\/2020\/10\/WhatsApp-Image-2020-10-21-at-14.55.25-200x150.jpeg 200w\" sizes=\"auto, (max-width: 1024px) 100vw, 1024px\" \/><\/figure>\n\n\n\n<p>At\u00e9 o momento, mais de 200 pessoas tiveram oS atendimentos realizados no Hospital Alcides Carneiro e no Centro de Sa\u00fade. Em apenas uma semana foram realizados 61 exames de baixa e alta complexidade, 180 consultas de diversas especialidades e 20 cirurgias.<\/p>\n\n\n\n<p><br>No \u00faltimo dia 17, a unidade disponibilizou atendimentos de consultas, exames e cirurgias com m\u00e9dicos cardiologistas, ortopedistas e cirurgi\u00f5es gerais. Hoje, quarta-feira (21\/10), o Hospital Alcides Carneiro realiza 20 cirurgias urol\u00f3gicas em homens e mulheres. J\u00e1 na pr\u00f3xima semana ser\u00e3o realizadas mais 20 cirurgias pedi\u00e1tricas e 15 cirurgias de mastologia na unidade. Dia 31 de outubro, mais consultas ser\u00e3o oferecidas com m\u00e9dicos cl\u00ednicos, cardiologistas, ortopedistas e cirurgi\u00f5es.<\/p>\n\n\n\n<p>Outras a\u00e7\u00f5es j\u00e1 est\u00e3o previstas para o in\u00edcio de novembro, como mutir\u00f5es de cirurgias pedi\u00e1tricas e consultas com m\u00e9dicos cl\u00ednicos, ortopedistas, dermatologistas e urologistas, no dia 07 de novembro. O Hospital Alcides Carneiro estima uma m\u00e9dia de 180 pacientes por mutir\u00e3o de consultas.<\/p>\n\n\n\n<p>Procedimentos tamb\u00e9m v\u00eam sendo feitos junto \u00e0 Campanha Outubro Rosa:<\/p>\n\n\n\n<p>At\u00e9 o fim do m\u00eas de outubro, ser\u00e3o realizados, todos os s\u00e1bados, 25 exames de mamografia \u00e0s pacientes que vinham aguardando devido \u00e0 paralisa\u00e7\u00e3o dos atendimentos causados pela pandemia. No \u00faltimo s\u00e1bado, dia 17 de outubro, o Hospital Alcides Carneiro realizou mais de 25 exames de mamografia. Nesta ter\u00e7a-feira (20\/10), 36 exames de ultrassonografia transvaginal, mamografia e resson\u00e2ncia de mama foram feitos num mutir\u00e3o noturno. A secret\u00e1ria Cristiane da Ressurrei\u00e7\u00e3o, de 38 anos, foi uma das pacientes beneficiadas com as a\u00e7\u00f5es. \u201cEu estava aguardando o exame h\u00e1 meses e agora o pr\u00f3prio HAC me ligou pra reagendar dia e hora. Gra\u00e7as a Deus a sa\u00fade controlou o coronav\u00edrus e conseguiu voltar a atender as pessoas. Cheguei e fui atendida em menos de cinco minutos. Melhor ainda \u00e9 fazer o mutir\u00e3o \u00e0 noite, porque a gente nem precisa faltar ao trabalho. Tomara que os atendimentos continuem assim\u201d, disse.<\/p>\n\n\n\n<p>No pr\u00f3ximo dia 24 de outubro, o Dia D da Campanha Outubro Rosa, o Centro de Sa\u00fade vai realizar a\u00e7\u00f5es espec\u00edficas para as mulheres tendo a programa\u00e7\u00e3o j\u00e1 divulgada. Com in\u00edcio \u00e0s 8h, o mutir\u00e3o vai oferecer 100 exames de coleta de preventivo, busca ativa de faltosos de patologia cervical \u00e0s pacientes de les\u00f5es pr\u00e9-oncol\u00f3gicas, consultas de ginecologia, nutri\u00e7\u00e3o, odontologia e psicologia, al\u00e9m de testes r\u00e1pidos de S\u00edfilis, HIV e Hepatites, e orienta\u00e7\u00f5es de atividades f\u00edsicas realizadas por educadores. Todas as consultas ser\u00e3o agendadas e ter\u00e3o intervalo m\u00ednimo de 30 minutos para que sejam evitadas as aglomera\u00e7\u00f5es e realizadas limpeza e higieniza\u00e7\u00e3o dos consult\u00f3rios.<\/p>\n\n\n\n<p>No Hospital Alcides Carneiro, tamb\u00e9m no s\u00e1bado (24\/10), mais 180 pacientes ter\u00e3o seus atendimentos garantidos no ambulat\u00f3rio da unidade com consultas e exames de mamografia e ultrassonografia transvaginal. Na pr\u00f3xima ter\u00e7a-feira (27\/10), outras 35 pacientes ser\u00e3o atendidas na realiza\u00e7\u00e3o de exames de ultrassonografia transvaginal, mamografia e resson\u00e2ncia de mama, entre 17h e 22h, no Hospital Alcides Carneiro. Dia 31, e \u00faltimo dia da campanha, est\u00e3o agendados 24 exames de mamografia.<\/p>\n\n\n\n<p>Acompanhe, abaixo, os locais de atendimento \u00e0 popula\u00e7\u00e3o feminina no pr\u00f3ximo dia 24 de outubro, entre 08h e 17h.<\/p>\n\n\n\n<p>Unidades de Sa\u00fade em opera\u00e7\u00e3o no dia 24 de outubro (Dia D) \/ 08h \u00e0s 17h:<\/p>\n\n\n\n<p>&#8211; Vila Rica<br>&#8211; Jardim Salvador<br>&#8211; Retiro<br>&#8211; Castelo<br>&#8211; Vila Felipe<br>&#8211; Secret\u00e1rio<br>&#8211; Castelo S\u00e3o Manoel<br>&#8211; Menino Jesus<br>&#8211; Moinho Preto<br>&#8211; S\u00e3o Jo\u00e3o Batista<br>&#8211; Sant\u00edssima Trindade<br>&#8211; Alto Sim\u00e9ria<br>&#8211; Secret\u00e1rio<br>&#8211; Fazenda Inglesa<br>&#8211; \u00c1guas Lindas<br>&#8211; Estrada II<br>&#8211; Machado Fagundes<br>&#8211; UBS Morin \/ Retiro \/ Itamarati \/ Mosela \/ Quitandinha \/ Pedro do Rio \/ Araras<br>&#8211; Posse I, II e III<br>&#8211; Alto da Serra I, II, III e IV<br>&#8211; Carangola II<br>&#8211; Vale do Carangola<br>&#8211; Vila Sa\u00fade<br>&#8211; Amazonas<br>&#8211; Thouzet<br>&#8211; Caxambu<br>&#8211; Santa Isabel<br>&nbsp;&#8211; Pedras Brancas<br>&#8211; Castrioto<br>&#8211; Bataillard<br>&#8211; Mosela<br>&#8211; Campo do Lusitano<br>&#8211; Lajinha<br>&#8211; Vale das Videiras<br>&#8211; 24 de Maio<\/p>\n","protected":false},"excerpt":{"rendered":"<p>Com a retomada das atividades eletivas na sa\u00fade do munic\u00edpio, a prefeitura de Petr\u00f3polis tem<\/p>\n","protected":false},"author":2,"featured_media":3469,"comment_status":"open","ping_status":"open","sticky":false,"template":"","format":"standard","meta":{"footnotes":""},"categories":[12],"tags":[],"class_list":["post-3466","post","type-post","status-publish","format-standard","has-post-thumbnail","hentry","category-cidade"],"_links":{"self":[{"href":"https:\/\/tvc16.com\/portal\/wp-json\/wp\/v2\/posts\/3466","targetHints":{"allow":["GET"]}}],"collection":[{"href":"https:\/\/tvc16.com\/portal\/wp-json\/wp\/v2\/posts"}],"about":[{"href":"https:\/\/tvc16.com\/portal\/wp-json\/wp\/v2\/types\/post"}],"author":[{"embeddable":true,"href":"https:\/\/tvc16.com\/portal\/wp-json\/wp\/v2\/users\/2"}],"replies":[{"embeddable":true,"href":"https:\/\/tvc16.com\/portal\/wp-json\/wp\/v2\/comments?post=3466"}],"version-history":[{"count":2,"href":"https:\/\/tvc16.com\/portal\/wp-json\/wp\/v2\/posts\/3466\/revisions"}],"predecessor-version":[{"id":3478,"href":"https:\/\/tvc16.com\/portal\/wp-json\/wp\/v2\/posts\/3466\/revisions\/3478"}],"wp:featuredmedia":[{"embeddable":true,"href":"https:\/\/tvc16.com\/portal\/wp-json\/wp\/v2\/media\/3469"}],"wp:attachment":[{"href":"https:\/\/tvc16.com\/portal\/wp-json\/wp\/v2\/media?parent=3466"}],"wp:term":[{"taxonomy":"category","embeddable":true,"href":"https:\/\/tvc16.com\/portal\/wp-json\/wp\/v2\/categories?post=3466"},{"taxonomy":"post_tag","embeddable":true,"href":"https:\/\/tvc16.com\/portal\/wp-json\/wp\/v2\/tags?post=3466"}],"curies":[{"name":"wp","href":"https:\/\/api.w.org\/{rel}","templated":true}]}}