{"id":3470,"date":"2020-10-21T19:10:17","date_gmt":"2020-10-21T19:10:17","guid":{"rendered":"https:\/\/tvc16.com\/portal\/?p=3470"},"modified":"2020-10-21T19:10:17","modified_gmt":"2020-10-21T19:10:17","slug":"outubro-rosa-supermercado-bramil-disponibiliza-mamografias-para-colaboradoras-e-realiza-palestras-sobre-a-prevencao-do-cancer-de-mama","status":"publish","type":"post","link":"https:\/\/tvc16.com\/portal\/2020\/10\/21\/outubro-rosa-supermercado-bramil-disponibiliza-mamografias-para-colaboradoras-e-realiza-palestras-sobre-a-prevencao-do-cancer-de-mama\/","title":{"rendered":"Outubro Rosa: supermercado Bramil disponibiliza mamografias para colaboradoras e realiza palestras sobre a preven\u00e7\u00e3o do c\u00e2ncer de mama"},"content":{"rendered":"\n<p>Empresas investem cada vez mais em informa\u00e7\u00e3o para alertar funcion\u00e1rios sobre problemas de sa\u00fade<\/p>\n\n\n\n<p>O m\u00eas de outubro \u00e9 marcado pela conscientiza\u00e7\u00e3o sobre o c\u00e2ncer de mama, o mais comum entre as mulheres no mundo. Com o passar dos anos a iniciativa ganha cada vez mais notoriedade, principalmente dentro das grandes empresas que tem como um dos objetivos instruir e preservar a sa\u00fade de seus colaboradores.<\/p>\n\n\n\n<p>Pensando nisso, o supermercado Bramil tem realizado palestras sobre a import\u00e2ncia do diagn\u00f3stico precoce e tratamento do c\u00e2ncer de mama nas unidades da rede. Al\u00e9m disso, 80 mamografias foram adquiridas e concedidas a funcion\u00e1rias que est\u00e3o dentro do grupo considerado de risco da doen\u00e7a.<\/p>\n\n\n\n<p>Quem teve a doen\u00e7a sabe bem como medidas deste tipo fazem a diferen\u00e7a. M\u00e1rcia Cristina Silva de Jesus, de 46 anos, \u00e9 colaboradora da rede e descobriu em 2014, durante o auto exame que estava com um caro\u00e7o no seio. Ap\u00f3s a realiza\u00e7\u00e3o de exames veio o diagn\u00f3stico: c\u00e2ncer de mama.<\/p>\n\n\n\n<figure class=\"wp-block-image size-large\"><img loading=\"lazy\" decoding=\"async\" width=\"575\" height=\"1024\" src=\"https:\/\/tvc16.com\/portal\/wp-content\/uploads\/2020\/10\/WhatsApp-Image-2020-10-14-at-10.57.14-575x1024.jpeg\" alt=\"\" class=\"wp-image-3471\" srcset=\"https:\/\/tvc16.com\/portal\/wp-content\/uploads\/2020\/10\/WhatsApp-Image-2020-10-14-at-10.57.14-575x1024.jpeg 575w, https:\/\/tvc16.com\/portal\/wp-content\/uploads\/2020\/10\/WhatsApp-Image-2020-10-14-at-10.57.14-169x300.jpeg 169w, https:\/\/tvc16.com\/portal\/wp-content\/uploads\/2020\/10\/WhatsApp-Image-2020-10-14-at-10.57.14.jpeg 719w\" sizes=\"auto, (max-width: 575px) 100vw, 575px\" \/><figcaption>M\u00e1rcia Cristina Silva de Jesus, assistente administrativa do Bramil.<\/figcaption><\/figure>\n\n\n\n<p>\u201cFiz a retirada da mama e ap\u00f3s o tratamento gra\u00e7as a Deus fiquei curada. Meu afastamento da empresa durou um ano, e o apoio dos colegas e chefes foi muito importante para que eu me sentisse segura durante a luta contra a doen\u00e7a. \u00c9 um per\u00edodo de muita vulnerabilidade. No meu retorno fui recebida de bra\u00e7os aberto e hoje tenho 22 anos de Bramil\u201d, disse emocionada a assistente administrativa. &nbsp;&nbsp;&nbsp;<\/p>\n\n\n\n<figure class=\"wp-block-image size-large\"><img loading=\"lazy\" decoding=\"async\" width=\"640\" height=\"640\" src=\"https:\/\/tvc16.com\/portal\/wp-content\/uploads\/2020\/10\/WhatsApp-Image-2020-10-14-at-11.57.32-1.jpeg\" alt=\"\" class=\"wp-image-3473\" srcset=\"https:\/\/tvc16.com\/portal\/wp-content\/uploads\/2020\/10\/WhatsApp-Image-2020-10-14-at-11.57.32-1.jpeg 640w, https:\/\/tvc16.com\/portal\/wp-content\/uploads\/2020\/10\/WhatsApp-Image-2020-10-14-at-11.57.32-1-300x300.jpeg 300w, https:\/\/tvc16.com\/portal\/wp-content\/uploads\/2020\/10\/WhatsApp-Image-2020-10-14-at-11.57.32-1-150x150.jpeg 150w\" sizes=\"auto, (max-width: 640px) 100vw, 640px\" \/><\/figure>\n\n\n\n<p>Outra medida adotada pela unidade localizada no distrito de Itaipava foi iluminar a fachada de rosa e decorar os caixas, para que os clientes tamb\u00e9m se atentem para a import\u00e2ncia do Outubro Rosa.<\/p>\n\n\n\n<figure class=\"wp-block-image size-large\"><img loading=\"lazy\" decoding=\"async\" width=\"576\" height=\"1024\" src=\"https:\/\/tvc16.com\/portal\/wp-content\/uploads\/2020\/10\/WhatsApp-Image-2020-10-05-at-14.38.56-576x1024.jpeg\" alt=\"\" class=\"wp-image-3475\" srcset=\"https:\/\/tvc16.com\/portal\/wp-content\/uploads\/2020\/10\/WhatsApp-Image-2020-10-05-at-14.38.56-576x1024.jpeg 576w, https:\/\/tvc16.com\/portal\/wp-content\/uploads\/2020\/10\/WhatsApp-Image-2020-10-05-at-14.38.56-169x300.jpeg 169w, https:\/\/tvc16.com\/portal\/wp-content\/uploads\/2020\/10\/WhatsApp-Image-2020-10-05-at-14.38.56.jpeg 720w\" sizes=\"auto, (max-width: 576px) 100vw, 576px\" \/><\/figure>\n\n\n\n<p>Outubro Rosa<\/p>\n\n\n\n<p>O Outubro Rosa \u00e9 um movimento internacional de conscientiza\u00e7\u00e3o para o controle do c\u00e2ncer de mama. Ele foi criado na d\u00e9cada de 1990, pela Funda\u00e7\u00e3o Susan G. Komen for the Cure, dos Estados Unidos. A data \u00e9 celebrada anualmente, com o objetivo de compartilhar informa\u00e7\u00f5es e promover a conscientiza\u00e7\u00e3o sobre a doen\u00e7a.<\/p>\n\n\n\n<p>APPO<\/p>\n\n\n\n<p>Em Petr\u00f3polis a Associa\u00e7\u00e3o Petropolitana de Pacientes Oncol\u00f3gicos (APPO) presta aux\u00edlio a pessoas portadoras de c\u00e2ncer. Trata-se de uma institui\u00e7\u00e3o de personalidade jur\u00eddica, do terceiro setor, sem fins lucrativos, de direito privado, de assist\u00eancia social, coopera\u00e7\u00e3o e assist\u00eancia aos pacientes portadores de c\u00e2ncer, independente de qualquer filia\u00e7\u00e3o pol\u00edtico-partid\u00e1ria ou credo religioso.<br><br>A Associa\u00e7\u00e3o atende pessoas necessitadas atrav\u00e9s da doa\u00e7\u00e3o de alimentos, vestu\u00e1rio, medica\u00e7\u00e3o de suporte, bolsa de higiene e limpeza, empr\u00e9stimos de perucas, cadeiras de rodas, colch\u00f5es de \u00e1gua, pr\u00f3teses, al\u00e9m de atendimento jur\u00eddico, psicol\u00f3gico e social.<\/p>\n","protected":false},"excerpt":{"rendered":"<p>Empresas investem cada vez mais em informa\u00e7\u00e3o para alertar funcion\u00e1rios sobre problemas de sa\u00fade O<\/p>\n","protected":false},"author":2,"featured_media":3476,"comment_status":"open","ping_status":"open","sticky":false,"template":"","format":"standard","meta":{"footnotes":""},"categories":[12],"tags":[],"class_list":["post-3470","post","type-post","status-publish","format-standard","has-post-thumbnail","hentry","category-cidade"],"_links":{"self":[{"href":"https:\/\/tvc16.com\/portal\/wp-json\/wp\/v2\/posts\/3470","targetHints":{"allow":["GET"]}}],"collection":[{"href":"https:\/\/tvc16.com\/portal\/wp-json\/wp\/v2\/posts"}],"about":[{"href":"https:\/\/tvc16.com\/portal\/wp-json\/wp\/v2\/types\/post"}],"author":[{"embeddable":true,"href":"https:\/\/tvc16.com\/portal\/wp-json\/wp\/v2\/users\/2"}],"replies":[{"embeddable":true,"href":"https:\/\/tvc16.com\/portal\/wp-json\/wp\/v2\/comments?post=3470"}],"version-history":[{"count":1,"href":"https:\/\/tvc16.com\/portal\/wp-json\/wp\/v2\/posts\/3470\/revisions"}],"predecessor-version":[{"id":3477,"href":"https:\/\/tvc16.com\/portal\/wp-json\/wp\/v2\/posts\/3470\/revisions\/3477"}],"wp:featuredmedia":[{"embeddable":true,"href":"https:\/\/tvc16.com\/portal\/wp-json\/wp\/v2\/media\/3476"}],"wp:attachment":[{"href":"https:\/\/tvc16.com\/portal\/wp-json\/wp\/v2\/media?parent=3470"}],"wp:term":[{"taxonomy":"category","embeddable":true,"href":"https:\/\/tvc16.com\/portal\/wp-json\/wp\/v2\/categories?post=3470"},{"taxonomy":"post_tag","embeddable":true,"href":"https:\/\/tvc16.com\/portal\/wp-json\/wp\/v2\/tags?post=3470"}],"curies":[{"name":"wp","href":"https:\/\/api.w.org\/{rel}","templated":true}]}}