{"id":3479,"date":"2020-10-21T22:17:25","date_gmt":"2020-10-21T22:17:25","guid":{"rendered":"https:\/\/tvc16.com\/portal\/?p=3479"},"modified":"2020-10-21T22:17:25","modified_gmt":"2020-10-21T22:17:25","slug":"quarta-feira-nao-tem-obitos-por-covid-19-em-petropolis","status":"publish","type":"post","link":"https:\/\/tvc16.com\/portal\/2020\/10\/21\/quarta-feira-nao-tem-obitos-por-covid-19-em-petropolis\/","title":{"rendered":"Quarta-feira n\u00e3o tem \u00f3bitos por Covid-19 em Petr\u00f3polis"},"content":{"rendered":"\n<p>O boletim epidemiol\u00f3gico divulgado na tarde desta quarta-feira (21) mostra que, desde o in\u00edcio da pandemia, em mar\u00e7o, 7.632 petropolitanos j\u00e1 foram infectados pelo coronav\u00edrus. Desses, 257 morreram. Os dados s\u00e3o da Secretaria Municipal de Sa\u00fade.<\/p>\n\n\n\n<p>Eles apontam que, at\u00e9 o momento foram realizados 67.661 testes na cidade. Deste total, 59.677 resultaram negativos, 7.632 positivos e 352 est\u00e3o em an\u00e1lise, entre PCR e testes r\u00e1pidos.<\/p>\n\n\n\n<p>H\u00e1 41 pacientes internados na cidade, podendo ser casos positivos ou em investiga\u00e7\u00e3o esperando o resultado do teste.<\/p>\n\n\n\n<p>Petr\u00f3polis registra, ainda, 5.928 pessoas recuperadas do coronav\u00edrus. Esse n\u00famero se refere \u00e0s pessoas que estiveram internadas nas unidades hospitalares da cidade ou que se mantiveram em isolamento domiciliar e que, hoje, n\u00e3o apresentam mais os principais sintomas da doen\u00e7a.<\/p>\n\n\n\n<p>Nesta quarta, o munic\u00edpio contabiliza pelo SUS 12,96% dos leitos cl\u00ednicos e 23,23% de UTI ocupados com pacientes infectados com coronav\u00edrus.<\/p>\n","protected":false},"excerpt":{"rendered":"<p>O boletim epidemiol\u00f3gico divulgado na tarde desta quarta-feira (21) mostra que, desde o in\u00edcio da<\/p>\n","protected":false},"author":2,"featured_media":3480,"comment_status":"open","ping_status":"open","sticky":false,"template":"","format":"standard","meta":{"footnotes":""},"categories":[12],"tags":[],"class_list":["post-3479","post","type-post","status-publish","format-standard","has-post-thumbnail","hentry","category-cidade"],"_links":{"self":[{"href":"https:\/\/tvc16.com\/portal\/wp-json\/wp\/v2\/posts\/3479","targetHints":{"allow":["GET"]}}],"collection":[{"href":"https:\/\/tvc16.com\/portal\/wp-json\/wp\/v2\/posts"}],"about":[{"href":"https:\/\/tvc16.com\/portal\/wp-json\/wp\/v2\/types\/post"}],"author":[{"embeddable":true,"href":"https:\/\/tvc16.com\/portal\/wp-json\/wp\/v2\/users\/2"}],"replies":[{"embeddable":true,"href":"https:\/\/tvc16.com\/portal\/wp-json\/wp\/v2\/comments?post=3479"}],"version-history":[{"count":1,"href":"https:\/\/tvc16.com\/portal\/wp-json\/wp\/v2\/posts\/3479\/revisions"}],"predecessor-version":[{"id":3481,"href":"https:\/\/tvc16.com\/portal\/wp-json\/wp\/v2\/posts\/3479\/revisions\/3481"}],"wp:featuredmedia":[{"embeddable":true,"href":"https:\/\/tvc16.com\/portal\/wp-json\/wp\/v2\/media\/3480"}],"wp:attachment":[{"href":"https:\/\/tvc16.com\/portal\/wp-json\/wp\/v2\/media?parent=3479"}],"wp:term":[{"taxonomy":"category","embeddable":true,"href":"https:\/\/tvc16.com\/portal\/wp-json\/wp\/v2\/categories?post=3479"},{"taxonomy":"post_tag","embeddable":true,"href":"https:\/\/tvc16.com\/portal\/wp-json\/wp\/v2\/tags?post=3479"}],"curies":[{"name":"wp","href":"https:\/\/api.w.org\/{rel}","templated":true}]}}