{"id":3482,"date":"2020-10-21T22:27:45","date_gmt":"2020-10-21T22:27:45","guid":{"rendered":"https:\/\/tvc16.com\/portal\/?p=3482"},"modified":"2020-10-21T22:32:51","modified_gmt":"2020-10-21T22:32:51","slug":"desplamento-de-de-pedras-assusta-moradores-do-vale-dos-esquilos","status":"publish","type":"post","link":"https:\/\/tvc16.com\/portal\/2020\/10\/21\/desplamento-de-de-pedras-assusta-moradores-do-vale-dos-esquilos\/","title":{"rendered":"Desplacamento de de pedras assusta moradores do Vale dos Esquilos"},"content":{"rendered":"\n<p>Dez casas foram interditadas pela Defesa Civil no Vale do Esquilos, na tarde desta quarta-feira (21). No local ocorreu um desplacamento de pedras que atingiu o telhado de uma resid\u00eancia. De acordo com o \u00f3rg\u00e3o, existe a possibilidade de novas ocorr\u00eancias e, por isso, as fam\u00edlias foram retiradas do local. Apesar do susto ningu\u00e9m ficou ferido.<\/p>\n\n\n\n<p>Ainda de acordo com a Defesa Civil, os estudos e an\u00e1lises na regi\u00e3o v\u00e3o continuar nesta quinta-feira (22). Os moradores relataram, por meio de redes sociais, terem se assustado com o barulho do desplacamento. Equipes do 15\u00ba Grupamento de Bombeiros Militar (GBM) foram acionadas logo ap\u00f3s o incidente. Vale ressaltar, que no momento da ocorr\u00eancia ainda n\u00e3o chovia na cidade. <\/p>\n\n\n\n<p>Fotos: Alan Pacheco<\/p>\n","protected":false},"excerpt":{"rendered":"<p>Dez casas foram interditadas pela Defesa Civil no Vale do Esquilos, na tarde desta quarta-feira<\/p>\n","protected":false},"author":2,"featured_media":3483,"comment_status":"open","ping_status":"open","sticky":false,"template":"","format":"standard","meta":{"footnotes":""},"categories":[12],"tags":[],"class_list":["post-3482","post","type-post","status-publish","format-standard","has-post-thumbnail","hentry","category-cidade"],"_links":{"self":[{"href":"https:\/\/tvc16.com\/portal\/wp-json\/wp\/v2\/posts\/3482","targetHints":{"allow":["GET"]}}],"collection":[{"href":"https:\/\/tvc16.com\/portal\/wp-json\/wp\/v2\/posts"}],"about":[{"href":"https:\/\/tvc16.com\/portal\/wp-json\/wp\/v2\/types\/post"}],"author":[{"embeddable":true,"href":"https:\/\/tvc16.com\/portal\/wp-json\/wp\/v2\/users\/2"}],"replies":[{"embeddable":true,"href":"https:\/\/tvc16.com\/portal\/wp-json\/wp\/v2\/comments?post=3482"}],"version-history":[{"count":2,"href":"https:\/\/tvc16.com\/portal\/wp-json\/wp\/v2\/posts\/3482\/revisions"}],"predecessor-version":[{"id":3485,"href":"https:\/\/tvc16.com\/portal\/wp-json\/wp\/v2\/posts\/3482\/revisions\/3485"}],"wp:featuredmedia":[{"embeddable":true,"href":"https:\/\/tvc16.com\/portal\/wp-json\/wp\/v2\/media\/3483"}],"wp:attachment":[{"href":"https:\/\/tvc16.com\/portal\/wp-json\/wp\/v2\/media?parent=3482"}],"wp:term":[{"taxonomy":"category","embeddable":true,"href":"https:\/\/tvc16.com\/portal\/wp-json\/wp\/v2\/categories?post=3482"},{"taxonomy":"post_tag","embeddable":true,"href":"https:\/\/tvc16.com\/portal\/wp-json\/wp\/v2\/tags?post=3482"}],"curies":[{"name":"wp","href":"https:\/\/api.w.org\/{rel}","templated":true}]}}