{"id":3486,"date":"2020-10-21T22:39:49","date_gmt":"2020-10-21T22:39:49","guid":{"rendered":"https:\/\/tvc16.com\/portal\/?p=3486"},"modified":"2020-10-21T22:39:59","modified_gmt":"2020-10-21T22:39:59","slug":"casamentos-e-restaurantes-selfie-service-estao-autorizados-a-partir-de-dezembro","status":"publish","type":"post","link":"https:\/\/tvc16.com\/portal\/2020\/10\/21\/casamentos-e-restaurantes-selfie-service-estao-autorizados-a-partir-de-dezembro\/","title":{"rendered":"Casamentos e restaurantes selfie-service est\u00e3o autorizados a partir de dezembro"},"content":{"rendered":"\n<p>O decreto n\u00ba 1.367 publicado no Di\u00e1rio Oficial do munic\u00edpio nesta segunda-feira (19.10) trouxe algumas mudan\u00e7as importantes no dia a dia do atendimento em estabelecimentos comerciais, restaurantes e academias, al\u00e9m da autoriza\u00e7\u00e3o da celebra\u00e7\u00e3o de casamentos e anivers\u00e1rios, a partir do dia 1 de dezembro.<\/p>\n\n\n\n<p><br>O servi\u00e7o de Buffet (selfie-service), que tinha sido vetado pelo decreto n\u00ba 1.231, do dia 24 de junho, voltou a ser permitido, desde que os clientes fa\u00e7am o uso \u201cobrigat\u00f3rio de luvas\u201d ao se servir. Estabelecimentos que oferecem bebedouros e\/ou utilizam sistema de biometria para controle da entrada de seus clientes \u2013 como academias, por exemplo \u2013 tamb\u00e9m est\u00e3o autorizados a retomar o uso desses equipamentos.<\/p>\n\n\n\n<p>Provadores poder\u00e3o ser utilizados novamente pelos clientes nas lojas <\/p>\n\n\n\n<p><br>Outra mudan\u00e7a importante, revogada pelo decreto da \u00faltima segunda-feira em rela\u00e7\u00e3o ao decreto n\u00ba1.199 do dia 29 de maio, \u00e9 a autoriza\u00e7\u00e3o para que lojas que comercializam vestimentas, acess\u00f3rios, bijuterias e cal\u00e7ados voltem a oferecer a seus clientes a possibilidade experimentar o produto no estabelecimento antes de finalizar a compra.<\/p>\n\n\n\n<p><br>As novas regras j\u00e1 est\u00e3o em vigor. Mas, cabe ressaltar que, como estabelece o Art. 2\u00ba do decreto, \u201ccaso a taxa de ocupa\u00e7\u00e3o dos leitos de UTI exclusivos para Covid-19 chegue a 70%, a celebra\u00e7\u00e3o de casamentos e anivers\u00e1rios ser\u00e1 suspensa\u201d. As demais flexibiliza\u00e7\u00f5es das atividades socioecon\u00f4micas tamb\u00e9m ficam sujeitas ao controle do avan\u00e7o da doen\u00e7a.<\/p>\n\n\n\n<p>Foto: internet<\/p>\n","protected":false},"excerpt":{"rendered":"<p>O decreto n\u00ba 1.367 publicado no Di\u00e1rio Oficial do munic\u00edpio nesta segunda-feira (19.10) trouxe algumas<\/p>\n","protected":false},"author":2,"featured_media":3488,"comment_status":"open","ping_status":"open","sticky":false,"template":"","format":"standard","meta":{"footnotes":""},"categories":[12],"tags":[],"class_list":["post-3486","post","type-post","status-publish","format-standard","has-post-thumbnail","hentry","category-cidade"],"_links":{"self":[{"href":"https:\/\/tvc16.com\/portal\/wp-json\/wp\/v2\/posts\/3486","targetHints":{"allow":["GET"]}}],"collection":[{"href":"https:\/\/tvc16.com\/portal\/wp-json\/wp\/v2\/posts"}],"about":[{"href":"https:\/\/tvc16.com\/portal\/wp-json\/wp\/v2\/types\/post"}],"author":[{"embeddable":true,"href":"https:\/\/tvc16.com\/portal\/wp-json\/wp\/v2\/users\/2"}],"replies":[{"embeddable":true,"href":"https:\/\/tvc16.com\/portal\/wp-json\/wp\/v2\/comments?post=3486"}],"version-history":[{"count":2,"href":"https:\/\/tvc16.com\/portal\/wp-json\/wp\/v2\/posts\/3486\/revisions"}],"predecessor-version":[{"id":3490,"href":"https:\/\/tvc16.com\/portal\/wp-json\/wp\/v2\/posts\/3486\/revisions\/3490"}],"wp:featuredmedia":[{"embeddable":true,"href":"https:\/\/tvc16.com\/portal\/wp-json\/wp\/v2\/media\/3488"}],"wp:attachment":[{"href":"https:\/\/tvc16.com\/portal\/wp-json\/wp\/v2\/media?parent=3486"}],"wp:term":[{"taxonomy":"category","embeddable":true,"href":"https:\/\/tvc16.com\/portal\/wp-json\/wp\/v2\/categories?post=3486"},{"taxonomy":"post_tag","embeddable":true,"href":"https:\/\/tvc16.com\/portal\/wp-json\/wp\/v2\/tags?post=3486"}],"curies":[{"name":"wp","href":"https:\/\/api.w.org\/{rel}","templated":true}]}}