{"id":3492,"date":"2020-10-22T02:25:08","date_gmt":"2020-10-22T02:25:08","guid":{"rendered":"https:\/\/tvc16.com\/portal\/?p=3492"},"modified":"2020-10-22T02:25:08","modified_gmt":"2020-10-22T02:25:08","slug":"senador-arolde-de-oliveira-morre-aos-83-anos-vitima-de-covid-19","status":"publish","type":"post","link":"https:\/\/tvc16.com\/portal\/2020\/10\/22\/senador-arolde-de-oliveira-morre-aos-83-anos-vitima-de-covid-19\/","title":{"rendered":"Senador Arolde de Oliveira morre aos 83 anos, v\u00edtima de Covid-19"},"content":{"rendered":"\n<p>O senador Arolde de Oliveira (PSD-RJ) morreu na noite desta quarta-feira (21), aos 83 anos, v\u00edtima de fal\u00eancia m\u00faltipla de \u00f3rg\u00e3os em decorr\u00eancia de Covid-19. Ele estava internado em um hospital no Rio de Janeiro.<\/p>\n\n\n\n<p>Antes de ser eleito para o Senado em 2018, Arolde de Oliveira foi deputado federal por nove mandatos e tamb\u00e9m participou da Assembleia Nacional Constituinte, que promulgou a Constitui\u00e7\u00e3o de 1988.<\/p>\n\n\n\n<p>Ele ingressou pela primeira vez na C\u00e2mara dos Deputados em 1983, ainda como suplente, pelo PDS. Na C\u00e2mara, tamb\u00e9m passou por PFL e DEM e pelo PSD.<\/p>\n\n\n\n<p>Foi titular de diversas comiss\u00f5es da C\u00e2mara dos Deputados, incluindo a Comiss\u00e3o de Ci\u00eancia e Tecnologia, Comunica\u00e7\u00e3o e Inform\u00e1tica, da qual foi presidente.<\/p>\n\n\n\n<p>Na&nbsp;legislatura&nbsp;2003-2007, licenciou-se do mandato para exercer o cargo de secret\u00e1rio municipal de Transportes do Rio de Janeiro. Licenciou-se novamente entre 2015 e 2016, quando foi secret\u00e1rio estadual de Trabalho e Renda do RJ.<\/p>\n\n\n\n<p>Natural de S\u00e3o Luiz Gonzaga (RJ), Arolde de Oliveira foi economista, engenheiro, militar e professor.<\/p>\n\n\n\n<p>Da Reda\u00e7\u00e3o de O Documento<br>Edi\u00e7\u00e3o \u2013 Pierre Triboli<\/p>\n\n\n\n<p>Fonte:\u00a0<a rel=\"noreferrer noopener\" target=\"_blank\" href=\"https:\/\/www.camara.leg.br\/noticias\/701930-senador-arolde-de-oliveira-morre-aos-83-anos-vitima-de-covid-19\/\">C\u00e2mara dos Deputados Federais<\/a><\/p>\n","protected":false},"excerpt":{"rendered":"<p>O senador Arolde de Oliveira (PSD-RJ) morreu na noite desta quarta-feira (21), aos 83 anos,<\/p>\n","protected":false},"author":2,"featured_media":3493,"comment_status":"open","ping_status":"open","sticky":false,"template":"","format":"standard","meta":{"footnotes":""},"categories":[15],"tags":[],"class_list":["post-3492","post","type-post","status-publish","format-standard","has-post-thumbnail","hentry","category-politica"],"_links":{"self":[{"href":"https:\/\/tvc16.com\/portal\/wp-json\/wp\/v2\/posts\/3492","targetHints":{"allow":["GET"]}}],"collection":[{"href":"https:\/\/tvc16.com\/portal\/wp-json\/wp\/v2\/posts"}],"about":[{"href":"https:\/\/tvc16.com\/portal\/wp-json\/wp\/v2\/types\/post"}],"author":[{"embeddable":true,"href":"https:\/\/tvc16.com\/portal\/wp-json\/wp\/v2\/users\/2"}],"replies":[{"embeddable":true,"href":"https:\/\/tvc16.com\/portal\/wp-json\/wp\/v2\/comments?post=3492"}],"version-history":[{"count":1,"href":"https:\/\/tvc16.com\/portal\/wp-json\/wp\/v2\/posts\/3492\/revisions"}],"predecessor-version":[{"id":3494,"href":"https:\/\/tvc16.com\/portal\/wp-json\/wp\/v2\/posts\/3492\/revisions\/3494"}],"wp:featuredmedia":[{"embeddable":true,"href":"https:\/\/tvc16.com\/portal\/wp-json\/wp\/v2\/media\/3493"}],"wp:attachment":[{"href":"https:\/\/tvc16.com\/portal\/wp-json\/wp\/v2\/media?parent=3492"}],"wp:term":[{"taxonomy":"category","embeddable":true,"href":"https:\/\/tvc16.com\/portal\/wp-json\/wp\/v2\/categories?post=3492"},{"taxonomy":"post_tag","embeddable":true,"href":"https:\/\/tvc16.com\/portal\/wp-json\/wp\/v2\/tags?post=3492"}],"curies":[{"name":"wp","href":"https:\/\/api.w.org\/{rel}","templated":true}]}}