{"id":3495,"date":"2020-10-22T13:15:19","date_gmt":"2020-10-22T13:15:19","guid":{"rendered":"https:\/\/tvc16.com\/portal\/?p=3495"},"modified":"2020-10-22T13:16:19","modified_gmt":"2020-10-22T13:16:19","slug":"detran-oferece-3-mil-vagas-extras-em-mutirao","status":"publish","type":"post","link":"https:\/\/tvc16.com\/portal\/2020\/10\/22\/detran-oferece-3-mil-vagas-extras-em-mutirao\/","title":{"rendered":"DETRAN OFERECE 3 MIL VAGAS EXTRAS EM MUTIR\u00c3O"},"content":{"rendered":"\n<p>O mutir\u00e3o do Detran.RJ que acontece no pr\u00f3ximo fim de semana, dias 24 e 25 de outubro, vai atender novas cidades da regi\u00e3o metropolitana e do interior que ainda n\u00e3o receberam a for\u00e7a-tarefa. Com servi\u00e7os de habilita\u00e7\u00e3o, identifica\u00e7\u00e3o civil e ve\u00edculos, moradores de Petr\u00f3polis, da capital, Belford Roxo, S\u00e3o Jo\u00e3o de Meriti, Resende, Vassouras, Araruama, Bom Jesus do Itabapoana, Paraty e Casimiro de Abreu ter\u00e3o acesso a 3 mil vagas para procedimentos como licenciamento anual, transfer\u00eancia de propriedade, renova\u00e7\u00e3o da habilita\u00e7\u00e3o e segunda via de RG.<\/p>\n\n\n\n<p>No setor de habilita\u00e7\u00e3o, ser\u00e3o disponibilizadas 500 vagas na sede, no Centro do Rio, e na unidade da Barra da Tijuca para renova\u00e7\u00e3o e segunda via de CNH, adi\u00e7\u00e3o e mudan\u00e7a de categoria, e inclus\u00e3o de atividade remunerada. A identifica\u00e7\u00e3o civil disponibilizar\u00e1 vagas para a segunda via do RG na sede e realizar\u00e1 a entrega de identidades prontas nos munic\u00edpios de Paraty e Casimiro de Abreu. J\u00e1 os servi\u00e7os de ve\u00edculos ter\u00e3o 2.300 vagas dispon\u00edveis na sede e nos seguintes postos de vistoria: Campo Grande, Vila Isabel, Belford Roxo, S\u00e3o Jo\u00e3o de Meriti, Resende, Vassouras, Petr\u00f3polis, Araruama e Bom Jesus do Itabapoana.<\/p>\n\n\n\n<p>\u201cCom esta for\u00e7a de trabalho em esquema de rod\u00edzio at\u00e9 o final de novembro, queremos diminuir a demanda represada na pandemia. Sempre com muita cautela e seguindo as orienta\u00e7\u00f5es das autoridades de sa\u00fade, vamos avan\u00e7ando nos mutir\u00f5es at\u00e9 o fim de novembro. Al\u00e9m das a\u00e7\u00f5es nos fins de semana, tamb\u00e9m j\u00e1 reabrimos 19 unidades esta semana e vamos reabrir mais quatro na semana que vem\u201d, explicou o presidente do Detran.RJ, Adolfo Konder.<\/p>\n\n\n\n<p>Para participar do mutir\u00e3o, \u00e9 preciso agendar o servi\u00e7o para que n\u00e3o haja aglomera\u00e7\u00e3o nos postos. O agendamento poder\u00e1 ser feito j\u00e1 pela manh\u00e3 desta quinta-feira (22\/10) nos telefones 3460-4040, 3460-4041 e 3460-4042, ou pelo site www.detran.rj.gov.br. A exce\u00e7\u00e3o ser\u00e1 para o servi\u00e7o de entrega das identidades em Paraty e Casimiro de Abreu, que ser\u00e3o realizados por ordem de chegada, respeitando todos os protocolos de seguran\u00e7a \u00e0 sa\u00fade.<\/p>\n\n\n\n<p>O Detran refor\u00e7a que \u00e9 preciso respeitar o hor\u00e1rio agendado, sem antecipa\u00e7\u00e3o, para que n\u00e3o ocorram filas e consequente aglomera\u00e7\u00e3o, o que n\u00e3o \u00e9 o desej\u00e1vel neste per\u00edodo de pandemia. O departamento tamb\u00e9m pede para que as pessoas n\u00e3o levem acompanhantes aos postos.<\/p>\n\n\n\n<p>Quanto ao pagamento dos boletos, o Detran alerta que \u00e9 preciso verificar se o mesmo foi efetivamente quitado ou se foi feito apenas o agendamento do pagamento. Isso porque, nos pagamentos online, \u00e9 praxe alguns bancos agendarem os boletos automaticamente para a data do vencimento da fatura, como o caso da GRT para o licenciamento anual e o DUDA para identifica\u00e7\u00e3o, onde o banco indica a data de 30 de dezembro para o pagamento.<\/p>\n\n\n\n<p><br><strong>SOLICITA\u00c7\u00c3O DE IDENTIDADE EM PARATY E CASIMIRO DE ABREU NA PR\u00d3XIMA SEMANA<\/strong><\/p>\n\n\n\n<p>Neste final de semana, j\u00e1 ser\u00e1 poss\u00edvel buscar os RGs solicitados antes da pandemia em Paraty e Casimiro de Abreu. Os dois postos estavam fechados desde o in\u00edcio do isolamento. Na pr\u00f3xima semana, nos dias 31 de outubro e 1\u00ba de novembro, as unidades das duas cidades voltam a realizar a solicita\u00e7\u00e3o da segunda via do documento.<\/p>\n\n\n\n<p><strong>MAIS UNIDADES REABERTAS<\/strong><\/p>\n\n\n\n<p>Al\u00e9m dos mutir\u00f5es, o departamento tamb\u00e9m est\u00e1 reabrindo gradualmente unidades que ainda estavam fechadas em todo o estado. S\u00f3 nesta semana, 16 Ciretrans (Circunscri\u00e7\u00f5es Estadual de Tr\u00e2nsito) e tr\u00eas USVs (Unidades de Servi\u00e7os Veiculares) voltaram a disponibilizar servi\u00e7os. Com as novas reaberturas, a capital e mais 18 munic\u00edpios foram beneficiados, s\u00e3o eles: Nova Igua\u00e7u, S\u00e3o Jo\u00e3o de Meriti, Mesquita, Niter\u00f3i, Itagua\u00ed, Maca\u00e9, Santo Ant\u00f4nio de P\u00e1dua, Tr\u00eas Rios, Barra Mansa, Resende, Cabo Frio, Barra do Pira\u00ed, Valen\u00e7a, Miracema, Itabora\u00ed, Angra dos Reis, Petr\u00f3polis e Campos.<\/p>\n\n\n\n<p>Na pr\u00f3xima semana, outros quatro SATs (Servi\u00e7os Auxiliares de Tr\u00e2nsito) ser\u00e3o abertos em S\u00e3o Pedro da Aldeia, Para\u00edba do Sul, S\u00e3o Fid\u00e9lis e Rio das Ostras. Ampliando a oferta de vagas no interior do estado.&nbsp;<\/p>\n","protected":false},"excerpt":{"rendered":"<p>O mutir\u00e3o do Detran.RJ que acontece no pr\u00f3ximo fim de semana, dias 24 e 25<\/p>\n","protected":false},"author":2,"featured_media":3496,"comment_status":"open","ping_status":"open","sticky":false,"template":"","format":"standard","meta":{"footnotes":""},"categories":[12],"tags":[],"class_list":["post-3495","post","type-post","status-publish","format-standard","has-post-thumbnail","hentry","category-cidade"],"_links":{"self":[{"href":"https:\/\/tvc16.com\/portal\/wp-json\/wp\/v2\/posts\/3495","targetHints":{"allow":["GET"]}}],"collection":[{"href":"https:\/\/tvc16.com\/portal\/wp-json\/wp\/v2\/posts"}],"about":[{"href":"https:\/\/tvc16.com\/portal\/wp-json\/wp\/v2\/types\/post"}],"author":[{"embeddable":true,"href":"https:\/\/tvc16.com\/portal\/wp-json\/wp\/v2\/users\/2"}],"replies":[{"embeddable":true,"href":"https:\/\/tvc16.com\/portal\/wp-json\/wp\/v2\/comments?post=3495"}],"version-history":[{"count":2,"href":"https:\/\/tvc16.com\/portal\/wp-json\/wp\/v2\/posts\/3495\/revisions"}],"predecessor-version":[{"id":3498,"href":"https:\/\/tvc16.com\/portal\/wp-json\/wp\/v2\/posts\/3495\/revisions\/3498"}],"wp:featuredmedia":[{"embeddable":true,"href":"https:\/\/tvc16.com\/portal\/wp-json\/wp\/v2\/media\/3496"}],"wp:attachment":[{"href":"https:\/\/tvc16.com\/portal\/wp-json\/wp\/v2\/media?parent=3495"}],"wp:term":[{"taxonomy":"category","embeddable":true,"href":"https:\/\/tvc16.com\/portal\/wp-json\/wp\/v2\/categories?post=3495"},{"taxonomy":"post_tag","embeddable":true,"href":"https:\/\/tvc16.com\/portal\/wp-json\/wp\/v2\/tags?post=3495"}],"curies":[{"name":"wp","href":"https:\/\/api.w.org\/{rel}","templated":true}]}}