{"id":3502,"date":"2020-10-22T14:58:37","date_gmt":"2020-10-22T14:58:37","guid":{"rendered":"https:\/\/tvc16.com\/portal\/?p=3502"},"modified":"2020-10-22T14:58:37","modified_gmt":"2020-10-22T14:58:37","slug":"o-veto-de-bolsonaro","status":"publish","type":"post","link":"https:\/\/tvc16.com\/portal\/2020\/10\/22\/o-veto-de-bolsonaro\/","title":{"rendered":"O VETO DE BOLSONARO"},"content":{"rendered":"\n<figure class=\"wp-block-table\"><table><tbody><tr><td>O presidente Jair Bolsonaro\u00a0<strong><a rel=\"noreferrer noopener\" target=\"_blank\" href=\"http:\/\/click.emailabril.com.br\/?qs=83ff7b9ac0289c42053a24dfd3180430ea7c14a53b590589d283c585024bbadef6d681e72c8798b900a596f220d04377d9f356a7bd8fa55f\">desautorizou<\/a><\/strong>\u00a0que seu governo compre 46 milh\u00f5es de doses da CoronaVac.\u00a0<strong><a rel=\"noreferrer noopener\" target=\"_blank\" href=\"http:\/\/click.emailabril.com.br\/?qs=83ff7b9ac0289c42a2e19ed8d8d3044c8248e7c6c1ee7c1efe416146efc1ce8937428917eba0b919044c00e04c0dbee696572706ae769b64\">Segundo o governante<\/a>\u00a0<\/strong>, &#8220;qualquer vacina, antes de ser disponibilizada \u00e0 popula\u00e7\u00e3o, dever\u00e1 ser comprovada cientificamente&#8221; e &#8220;o povo brasileiro n\u00e3o ser\u00e1 cobaia de ningu\u00e9m&#8221;. Para ele, &#8220;n\u00e3o se justifica um bilion\u00e1rio aporte financeiro (R$ 1,9 bilh\u00e3o) num medicamento que sequer ultrapassou sua fase de testagem&#8221;. Ap\u00f3s a manifesta\u00e7\u00e3o, o Minist\u00e9rio da Sa\u00fade\u00a0<strong><a rel=\"noreferrer noopener\" target=\"_blank\" href=\"http:\/\/click.emailabril.com.br\/?qs=83ff7b9ac0289c42c78a7af4b0a4a7544e8d47976bb6ddff8876bfa98fdfaf3c52f3734141d20f118e581b864f0d026035f58a73a904aa17\">negou<\/a>\u00a0<\/strong>que havia firmado um compromisso de compra do medicamento, mesmo ap\u00f3s o ministro\u00a0Eduardo Pazuello, que foi\u00a0<strong><a rel=\"noreferrer noopener\" target=\"_blank\" href=\"http:\/\/click.emailabril.com.br\/?qs=83ff7b9ac0289c42d96f38791d8b92c396765cfcac67a9cbc5b9c9a7fbe9cf4b57126033dd9cb3fbdd9fe44a40fe12f4aa54f0ce6a77427a\">diagnosticado com Covid-19<\/a><\/strong>,\u00a0ter dado declara\u00e7\u00f5es nesse sentido.<br>Fonte: Veja Coronav\u00edrus<\/td><\/tr><\/tbody><\/table><\/figure>\n\n\n\n<figure class=\"wp-block-table\"><table><tbody><tr><td><\/td><\/tr><\/tbody><\/table><\/figure>\n","protected":false},"excerpt":{"rendered":"<p>O presidente Jair Bolsonaro\u00a0desautorizou\u00a0que seu governo compre 46 milh\u00f5es de doses da CoronaVac.\u00a0Segundo o governante\u00a0,<\/p>\n","protected":false},"author":2,"featured_media":3503,"comment_status":"open","ping_status":"open","sticky":false,"template":"","format":"standard","meta":{"footnotes":""},"categories":[15],"tags":[],"class_list":["post-3502","post","type-post","status-publish","format-standard","has-post-thumbnail","hentry","category-politica"],"_links":{"self":[{"href":"https:\/\/tvc16.com\/portal\/wp-json\/wp\/v2\/posts\/3502","targetHints":{"allow":["GET"]}}],"collection":[{"href":"https:\/\/tvc16.com\/portal\/wp-json\/wp\/v2\/posts"}],"about":[{"href":"https:\/\/tvc16.com\/portal\/wp-json\/wp\/v2\/types\/post"}],"author":[{"embeddable":true,"href":"https:\/\/tvc16.com\/portal\/wp-json\/wp\/v2\/users\/2"}],"replies":[{"embeddable":true,"href":"https:\/\/tvc16.com\/portal\/wp-json\/wp\/v2\/comments?post=3502"}],"version-history":[{"count":1,"href":"https:\/\/tvc16.com\/portal\/wp-json\/wp\/v2\/posts\/3502\/revisions"}],"predecessor-version":[{"id":3504,"href":"https:\/\/tvc16.com\/portal\/wp-json\/wp\/v2\/posts\/3502\/revisions\/3504"}],"wp:featuredmedia":[{"embeddable":true,"href":"https:\/\/tvc16.com\/portal\/wp-json\/wp\/v2\/media\/3503"}],"wp:attachment":[{"href":"https:\/\/tvc16.com\/portal\/wp-json\/wp\/v2\/media?parent=3502"}],"wp:term":[{"taxonomy":"category","embeddable":true,"href":"https:\/\/tvc16.com\/portal\/wp-json\/wp\/v2\/categories?post=3502"},{"taxonomy":"post_tag","embeddable":true,"href":"https:\/\/tvc16.com\/portal\/wp-json\/wp\/v2\/tags?post=3502"}],"curies":[{"name":"wp","href":"https:\/\/api.w.org\/{rel}","templated":true}]}}