{"id":3505,"date":"2020-10-22T15:01:20","date_gmt":"2020-10-22T15:01:20","guid":{"rendered":"https:\/\/tvc16.com\/portal\/?p=3505"},"modified":"2020-10-22T15:01:20","modified_gmt":"2020-10-22T15:01:20","slug":"baixa-temporada-na-europa","status":"publish","type":"post","link":"https:\/\/tvc16.com\/portal\/2020\/10\/22\/baixa-temporada-na-europa\/","title":{"rendered":"BAIXA TEMPORADA NA EUROPA"},"content":{"rendered":"\n<p>Os museus da Europa reabriram em meados de maio, mas, desde ent\u00e3o, amargam\u00a0<strong><a rel=\"noreferrer noopener\" target=\"_blank\" href=\"http:\/\/click.emailabril.com.br\/?qs=83ff7b9ac0289c425265b77fb48450786383a4f01bdb0be80e7a75240598400b5940d0108659d931e1792a680ca02a2b70ec3e8d2344276c\">baixa visita\u00e7\u00e3o<\/a>\u00a0<\/strong>. As institui\u00e7\u00f5es t\u00eam recebido apenas um ter\u00e7o dos visitantes do mesmo per\u00edodo de um ano atr\u00e1s, n\u00famero menor do que era esperado com as limita\u00e7\u00f5es impostas pelo distanciamento social. Um exemplo disso \u00e9 o Rijksmuseum, que fica em Amsterd\u00e3, na Holanda. Em condi\u00e7\u00f5es normais, o local recebia at\u00e9 10.000 pessoas todos os dias. Com as novas regras, a capacidade passou para 2.500, mas, segundo o\u00a0<em>The New York Times\u00a0<\/em>, a nova m\u00e9dia di\u00e1ria n\u00e3o passa de 800. O mesmo acontece em outros espa\u00e7os, como o cobi\u00e7ado Louvre, na Fran\u00e7a. Al\u00e9m do receio da popula\u00e7\u00e3o, a queda tem origem tamb\u00e9m na redu\u00e7\u00e3o do turismo.<\/p>\n\n\n\n<p>Fonte: Veja Coronav\u00edrus<\/p>\n","protected":false},"excerpt":{"rendered":"<p>Os museus da Europa reabriram em meados de maio, mas, desde ent\u00e3o, amargam\u00a0baixa visita\u00e7\u00e3o\u00a0. As<\/p>\n","protected":false},"author":2,"featured_media":3506,"comment_status":"open","ping_status":"open","sticky":false,"template":"","format":"standard","meta":{"footnotes":""},"categories":[22],"tags":[],"class_list":["post-3505","post","type-post","status-publish","format-standard","has-post-thumbnail","hentry","category-internacional"],"_links":{"self":[{"href":"https:\/\/tvc16.com\/portal\/wp-json\/wp\/v2\/posts\/3505","targetHints":{"allow":["GET"]}}],"collection":[{"href":"https:\/\/tvc16.com\/portal\/wp-json\/wp\/v2\/posts"}],"about":[{"href":"https:\/\/tvc16.com\/portal\/wp-json\/wp\/v2\/types\/post"}],"author":[{"embeddable":true,"href":"https:\/\/tvc16.com\/portal\/wp-json\/wp\/v2\/users\/2"}],"replies":[{"embeddable":true,"href":"https:\/\/tvc16.com\/portal\/wp-json\/wp\/v2\/comments?post=3505"}],"version-history":[{"count":1,"href":"https:\/\/tvc16.com\/portal\/wp-json\/wp\/v2\/posts\/3505\/revisions"}],"predecessor-version":[{"id":3507,"href":"https:\/\/tvc16.com\/portal\/wp-json\/wp\/v2\/posts\/3505\/revisions\/3507"}],"wp:featuredmedia":[{"embeddable":true,"href":"https:\/\/tvc16.com\/portal\/wp-json\/wp\/v2\/media\/3506"}],"wp:attachment":[{"href":"https:\/\/tvc16.com\/portal\/wp-json\/wp\/v2\/media?parent=3505"}],"wp:term":[{"taxonomy":"category","embeddable":true,"href":"https:\/\/tvc16.com\/portal\/wp-json\/wp\/v2\/categories?post=3505"},{"taxonomy":"post_tag","embeddable":true,"href":"https:\/\/tvc16.com\/portal\/wp-json\/wp\/v2\/tags?post=3505"}],"curies":[{"name":"wp","href":"https:\/\/api.w.org\/{rel}","templated":true}]}}