{"id":3508,"date":"2020-10-22T15:03:28","date_gmt":"2020-10-22T15:03:28","guid":{"rendered":"https:\/\/tvc16.com\/portal\/?p=3508"},"modified":"2020-10-22T15:03:28","modified_gmt":"2020-10-22T15:03:28","slug":"eleicoes-municipais-terao-plano-de-seguranca-sanitaria","status":"publish","type":"post","link":"https:\/\/tvc16.com\/portal\/2020\/10\/22\/eleicoes-municipais-terao-plano-de-seguranca-sanitaria\/","title":{"rendered":"Elei\u00e7\u00f5es Municipais ter\u00e3o plano de seguran\u00e7a sanit\u00e1ria"},"content":{"rendered":"\n<p>tSE criou protocolo para realiza\u00e7\u00e3o do pleito nos dias 15 e 29 de novembro, quando moradores de 5.568 munic\u00edpios v\u00e3o escolher prefeitos, vice-prefeitos e vereadores<\/p>\n\n\n\n<p>A pouco menos de um m\u00eas para a realiza\u00e7\u00e3o do primeiro turno das Elei\u00e7\u00f5es Municipais, um dos desafios que se apresentam \u00e9 garantir a sa\u00fade dos 147,9 milh\u00f5es de brasileiros aptos \u00e0 vota\u00e7\u00e3o em meio \u00e0 pandemia da Covid-19. Com o objetivo de minimizar o risco de transmiss\u00e3o do novo coronav\u00edrus, o TSE (Tribunal Superior Eleitoral) tem um Plano de Seguran\u00e7a Sanit\u00e1ria para o pleito.&nbsp;<br>&nbsp;<br>A iniciativa, elaborada em parceria com especialistas da Funda\u00e7\u00e3o Oswaldo Cruz (Fiocruz) e dos hospitais S\u00edrio Liban\u00eas e Albert Einstein, traz orienta\u00e7\u00f5es e recomenda\u00e7\u00f5es para assegurar a seguran\u00e7a dos mes\u00e1rios e dos eleitores.&nbsp;<br>&nbsp;<br>Na ocasi\u00e3o de apresenta\u00e7\u00e3o do plano, h\u00e1 cerca de um m\u00eas, o presidente do TSE, ministro Lu\u00eds Roberto Barroso, afirmou que o \u00f3rg\u00e3o criou o protocolo com a inten\u00e7\u00e3o de possibilitar elei\u00e7\u00f5es mais seguras. \u201cN\u00f3s estamos tomando todas as precau\u00e7\u00f5es poss\u00edveis e razo\u00e1veis, na convic\u00e7\u00e3o &nbsp;de que minimizaremos o risco de contamina\u00e7\u00e3o de quem quer que seja. Eu n\u00e3o teria a leviandade de dizer que o risco \u00e9 zero, mas acho que n\u00f3s baixamos esse risco a um m\u00ednimo poss\u00edvel\u201d, disse.<\/p>\n\n\n\n<h2 class=\"wp-block-heading\">Protocolo<\/h2>\n\n\n\n<p>O uso de m\u00e1scaras ser\u00e1 obrigat\u00f3rio e o cidad\u00e3o n\u00e3o vai poder votar se n\u00e3o estiver usando o item. Al\u00e9m disso, n\u00e3o vai ser permitido comer, beber ou fazer qualquer outra coisa que implique na retirada da m\u00e1scara, segundo o protocolo. O TSE garante que todas as se\u00e7\u00f5es eleitorais v\u00e3o ter \u00e1lcool em gel para que os eleitores higienizem as m\u00e3os antes e depois da vota\u00e7\u00e3o.<br>&nbsp;<br>Entre as principais recomenda\u00e7\u00f5es aos eleitores, est\u00e1 a manuten\u00e7\u00e3o de uma dist\u00e2ncia m\u00ednima de um metro nas filas e para o mes\u00e1rio, no momento que antecede o voto. Outra sugest\u00e3o \u00e9 que cada eleitor leve a pr\u00f3pria caneta para assinar o caderno de vota\u00e7\u00e3o e que evite levar crian\u00e7as ou acompanhantes aos locais de vota\u00e7\u00e3o.&nbsp;<br>&nbsp;<br>Segundo Sylvia Lemos, infectologista da SBI (Sociedade Brasileira de Infectologia) e professora da Universidade Federal de Pernambuco, o plano de seguran\u00e7a adotado pelo TSE se baseia em quatro pilares b\u00e1sicos: \u201cO uso da m\u00e1scara, a higieniza\u00e7\u00e3o das m\u00e3os com \u00e1gua e sab\u00e3o, complementada com \u00e1lcool em gel, e dos ambientes, o distanciamento f\u00edsico de 1,5 metros a 2 metros e o distanciamento social, que seria ir somente para os locais autorizados\u201d, avalia.&nbsp;<\/p>\n\n\n\n<p>Para os mes\u00e1rios, o protocolo \u00e9 ainda mais espec\u00edfico. Todos eles v\u00e3o receber m\u00e1scaras, \u00e1lcool em gel para uso individual e viseiras pl\u00e1sticas. De acordo com o protocolo, eles dever\u00e3o trocar as m\u00e1scaras a cada quatro horas. Todos os itens de seguran\u00e7a foram doados por um grupo de cerca de 30 empresas privadas, sem custos aos cofres p\u00fablicos. &nbsp;<\/p>\n\n\n\n<figure class=\"wp-block-image\"><img decoding=\"async\" src=\"\/\/s3-sa-east-1.amazonaws.com\/agencia-radio-arb\/3034\/content_Arte_-_Elei%C3%A7%C3%B5es.png\" alt=\"Arte: Brasil 61\" title=\"Arte: Brasil 61\"\/><\/figure>\n\n\n\n<p>Neste ano, n\u00e3o haver\u00e1 biometria. Na hora em que o eleitor se identificar, o mes\u00e1rio dever\u00e1 verificar a autenticidade sem encostar em nada, diz o plano. Se tiver d\u00favida na identifica\u00e7\u00e3o, pode pedir ao cidad\u00e3o que d\u00ea dois passos para tr\u00e1s e abaixe a m\u00e1scara brevemente para confirmar a correspond\u00eancia entre a pessoa e o documento.&nbsp;<\/p>\n\n\n\n<p>De acordo com o TSE, vai haver um local espec\u00edfico para os mes\u00e1rios fazerem as refei\u00e7\u00f5es. O espa\u00e7o em cada se\u00e7\u00e3o eleitoral dever\u00e1 ser aberto, preferencialmente, com ventila\u00e7\u00e3o natural e que permita a dist\u00e2ncia m\u00ednima de dois metros entre as pessoas.&nbsp;<\/p>\n\n\n\n<p>Para Sylvia, a seguran\u00e7a sanit\u00e1ria das elei\u00e7\u00f5es para um contingente t\u00e3o grande de pessoas vai depender n\u00e3o apenas da estrutura e log\u00edstica dispon\u00edveis, mas da colabora\u00e7\u00e3o da sociedade.&nbsp;<\/p>\n\n\n\n<p>\u201cVai depender mais ainda da corresponsabilidade do cidad\u00e3o, inclusive, dos pr\u00f3prios candidatos a conscientizarem os eleitores a seguirem os protocolos, a darem exemplo\u201d. Ela complementa: \u201cn\u00e3o basta haver s\u00f3 protocolo e log\u00edstica, mas \u00e9 necess\u00e1rio que haja a cultura das pessoas, principalmente dos mais jovens, respeitando a vulnerabilidade dos idosos.\u201d&nbsp;<\/p>\n\n\n\n<p><strong><a href=\"https:\/\/brasil61.com\/noticias\/candidatos-ligados-a-area-da-saude-tem-maior-representatividade-nas-eleicoes-2020-bras202180\">Candidatos ligados \u00e0 \u00e1rea da sa\u00fade t\u00eam maior representatividade nas Elei\u00e7\u00f5es 2020<\/a><\/strong><\/p>\n\n\n\n<p><strong><a href=\"https:\/\/brasil61.com\/noticias\/eleicoes-2020-cresce-o-numero-de-candidatos-analfabetos-concorrendo-a-vereador-bras202178\">Elei\u00e7\u00f5es 2020: Cresce o n\u00famero de candidatos analfabetos concorrendo a vereador<\/a><\/strong><\/p>\n\n\n\n<p><strong><a href=\"https:\/\/brasil61.com\/noticias\/de-baroes-da-pisadinha-a-lionel-richie-sobra-criatividade-em-jingles-para-as-eleicoes-municipais-bras202257\">De Bar\u00f5es da Pisadinha a Lionel Richie: sobra criatividade em jingles para as elei\u00e7\u00f5es municipais<\/a><\/strong><\/p>\n\n\n\n<h2 class=\"wp-block-heading\">Outras medidas<\/h2>\n\n\n\n<p>O TSE ampliou o hor\u00e1rio de vota\u00e7\u00e3o das Elei\u00e7\u00f5es Municipais deste ano em uma hora. Os eleitores v\u00e3o poder ir \u00e0s urnas escolher os seus representantes das 7h \u00e0s 17h. No entanto, entre o in\u00edcio da vota\u00e7\u00e3o e 10h, o hor\u00e1rio ser\u00e1 preferencial para as pessoas com mais de 60 anos.&nbsp;<br>&nbsp;<br>Por fim, o TSE recomenda que os eleitores ou mes\u00e1rios que estiverem com febre ou tenham testado positivo para a Covid-19 nos 14 dias anteriores \u00e0s elei\u00e7\u00f5es dever\u00e3o permanecer em casa.&nbsp;<br>&nbsp;<br>Nos dias 15 e 29 de novembro, datas do primeiro e segundo turno, moradores de 5.568 munic\u00edpios v\u00e3o escolher os pr\u00f3ximos prefeitos, vice-prefeitos e vereadores. Segundo a Justi\u00e7a Eleitoral, ser\u00e3o mais de 95 mil locais de vota\u00e7\u00e3o e cerca de 400 mil se\u00e7\u00f5es eleitorais.&nbsp;<\/p>\n\n\n\n<p>Fonte: <a href=\"https:\/\/brasil61.com\/noticias\/eleicoes-municipais-terao-plano-de-seguranca-sanitaria-bras202294?email=bethdeoliveira@yahoo.com.br&amp;utm_source=newsletter&amp;utm_medium=newsletter&amp;utm_campaign=newsletter\" target=\"_blank\" rel=\"noreferrer noopener\">Brasil 61<\/a><\/p>\n","protected":false},"excerpt":{"rendered":"<p>tSE criou protocolo para realiza\u00e7\u00e3o do pleito nos dias 15 e 29 de novembro, quando<\/p>\n","protected":false},"author":2,"featured_media":3509,"comment_status":"open","ping_status":"open","sticky":false,"template":"","format":"standard","meta":{"footnotes":""},"categories":[15],"tags":[],"class_list":["post-3508","post","type-post","status-publish","format-standard","has-post-thumbnail","hentry","category-politica"],"_links":{"self":[{"href":"https:\/\/tvc16.com\/portal\/wp-json\/wp\/v2\/posts\/3508","targetHints":{"allow":["GET"]}}],"collection":[{"href":"https:\/\/tvc16.com\/portal\/wp-json\/wp\/v2\/posts"}],"about":[{"href":"https:\/\/tvc16.com\/portal\/wp-json\/wp\/v2\/types\/post"}],"author":[{"embeddable":true,"href":"https:\/\/tvc16.com\/portal\/wp-json\/wp\/v2\/users\/2"}],"replies":[{"embeddable":true,"href":"https:\/\/tvc16.com\/portal\/wp-json\/wp\/v2\/comments?post=3508"}],"version-history":[{"count":1,"href":"https:\/\/tvc16.com\/portal\/wp-json\/wp\/v2\/posts\/3508\/revisions"}],"predecessor-version":[{"id":3510,"href":"https:\/\/tvc16.com\/portal\/wp-json\/wp\/v2\/posts\/3508\/revisions\/3510"}],"wp:featuredmedia":[{"embeddable":true,"href":"https:\/\/tvc16.com\/portal\/wp-json\/wp\/v2\/media\/3509"}],"wp:attachment":[{"href":"https:\/\/tvc16.com\/portal\/wp-json\/wp\/v2\/media?parent=3508"}],"wp:term":[{"taxonomy":"category","embeddable":true,"href":"https:\/\/tvc16.com\/portal\/wp-json\/wp\/v2\/categories?post=3508"},{"taxonomy":"post_tag","embeddable":true,"href":"https:\/\/tvc16.com\/portal\/wp-json\/wp\/v2\/tags?post=3508"}],"curies":[{"name":"wp","href":"https:\/\/api.w.org\/{rel}","templated":true}]}}