{"id":3511,"date":"2020-10-22T15:07:23","date_gmt":"2020-10-22T15:07:23","guid":{"rendered":"https:\/\/tvc16.com\/portal\/?p=3511"},"modified":"2020-10-22T15:07:23","modified_gmt":"2020-10-22T15:07:23","slug":"estados-e-municipios-poderao-usar-repasses-federais-ate-o-fim-de-2021","status":"publish","type":"post","link":"https:\/\/tvc16.com\/portal\/2020\/10\/22\/estados-e-municipios-poderao-usar-repasses-federais-ate-o-fim-de-2021\/","title":{"rendered":"Estados e munic\u00edpios poder\u00e3o usar repasses federais at\u00e9 o fim de 2021"},"content":{"rendered":"\n<p>Atualmente, o dinheiro que n\u00e3o \u00e9 usado durante o prazo de vig\u00eancia retorna ao Tesouro Nacional. A proposta pro\u00edbe ainda a Uni\u00e3o de solicitar a devolu\u00e7\u00e3o dos recursos durante o per\u00edodo estendido<\/p>\n\n\n\n<p>Tramita na C\u00e2mara dos Deputados o Projeto de Lei 4078\/20, que permite amplia\u00e7\u00e3o do prazo para que estados e munic\u00edpios fa\u00e7am uso de recursos da Uni\u00e3o destinados durante pandemia. J\u00e1 aprovado no Senado, o PL autoriza que repasses que deveriam ser aplicados at\u00e9 o final deste ano passem a ser v\u00e1lidos para gastos at\u00e9 31 de dezembro de 2021.<\/p>\n\n\n\n<p>Atualmente, o dinheiro que n\u00e3o \u00e9 usado durante o prazo de vig\u00eancia retorna ao Tesouro Nacional. A proposta pro\u00edbe ainda a Uni\u00e3o de solicitar a devolu\u00e7\u00e3o dos recursos durante o per\u00edodo estendido, exceto quando houver ind\u00edcios de irregularidade no uso das verbas.<\/p>\n\n\n\n<p>A senadora Simone Tebet (MDB-MS), autora do texto, ressaltou que n\u00e3o \u00e9 f\u00e1cil gastar todo o recurso destinado, em raz\u00e3o da burocracia para os procedimentos legais. Ela lembrou tamb\u00e9m que a amplia\u00e7\u00e3o do prazo para a utiliza\u00e7\u00e3o dos repasses \u00e9 uma maneira de n\u00e3o violar o teto de gastos, resolvendo assim a falta de dinheiro para \u00e1reas essenciais.<\/p>\n\n\n\n<p>\u201c\u00c9 justamente um ano em que vai faltar verba, porque o Governo Federal vai ter uma arrecada\u00e7\u00e3o menor em um momento que os munic\u00edpios mais v\u00e3o precisar do dinheiro para vacina\u00e7\u00e3o em massa, criar condi\u00e7\u00f5es de seguran\u00e7a para as crian\u00e7as voltarem \u00e0s escolas, atender na assist\u00eancia social pessoas que est\u00e3o entrando novamente na linha da pobreza ou da mis\u00e9ria. N\u00e3o tem sentido esse dinheiro ficar parado\u201d, declarou.<\/p>\n\n\n\n<p>O projeto original previa a amplia\u00e7\u00e3o do prazo de aplica\u00e7\u00e3o apenas para os recursos federais transferidos em 2020 vinculados ao combate dos efeitos sociais adversos da pandemia. Durante a vota\u00e7\u00e3o, os senadores acolheram o parecer que amplia o prazo para todos os repasses da Uni\u00e3o, n\u00e3o importando o destino inicial dos recursos.<\/p>\n\n\n\n<p><a href=\"https:\/\/brasil61.com\/noticias\/ampliacao-de-prazo-para-estados-e-municipios-usarem-recursos-da-uniao-contra-a-covid-19-e-aprovado-pelo-senado-bras201757\"><strong>Amplia\u00e7\u00e3o de prazo para estados e munic\u00edpios usarem recursos da Uni\u00e3o contra a Covid-19 \u00e9 aprovado pelo Senado<\/strong><\/a><\/p>\n\n\n\n<p><a href=\"https:\/\/brasil61.com\/noticias\/gestores-municipais-temem-acusacoes-de-orgaos-de-controle-sobre-gastos-indevidos-com-a-covid-19-bras202188\"><strong>Gestores municipais temem acusa\u00e7\u00f5es de \u00f3rg\u00e3os de controle sobre gastos indevidos com a Covid-19<\/strong><\/a><\/p>\n\n\n\n<p>Para o economista Roberto G\u00f3es J\u00fanior, a medida ainda precisa ser vista com devida cautela, pois pode ser perigosa para o or\u00e7amento federal. Para ele, n\u00e3o \u00e9 adequado que a Uni\u00e3o banque despesas de estados que n\u00e3o est\u00e3o fazendo o devido esfor\u00e7o para ajustar suas contas.<\/p>\n\n\n\n<p>\u201cO gasto com a Covid-19 tem que ficar para a Covid-19, n\u00e3o \u00e9 para servir de al\u00edvio fiscal para estados e munic\u00edpios que estavam em condi\u00e7\u00f5es dif\u00edceis inclusive antes da pandemia. \u00c9 um recurso que est\u00e1 sendo utilizado e tem um custo fiscal e a Uni\u00e3o n\u00e3o est\u00e1 em uma situa\u00e7\u00e3o confort\u00e1vel para ficar bancando tudo isso\u201d, avaliou.<\/p>\n\n\n\n<p>Para a Federa\u00e7\u00e3o Nacional dos Prefeitos (FNP) a prorroga\u00e7\u00e3o \u00e9 de suma import\u00e2ncia. Jeconias Rozendo Jr., Coordenador de Articula\u00e7\u00e3o Pol\u00edtica da entidade, destacou que &nbsp;os prefeitos tiveram que iniciar os investimentos para o enfrentamento da pandemia muito antes dos &nbsp;recursos federais chegarem. \u201cAl\u00e9m de chegarem tardiamente os recursos tiveram sua distribui\u00e7\u00e3o com uma baix\u00edssima efici\u00eancia alocativa, foram adotados crit\u00e9rios que n\u00e3o refletiam &nbsp;a estrutura de atendimento m\u00e9dico hospitalar dispon\u00edvel nos munic\u00edpios\u201d, afirmou. &nbsp;<\/p>\n\n\n\n<p>Desde o in\u00edcio da pandemia, a Uni\u00e3o destinou, em cr\u00e9ditos extraordin\u00e1rios, mais de R$ 28 bilh\u00f5es para a sa\u00fade e R$ 61 milh\u00f5es para a assist\u00eancia social. A prorroga\u00e7\u00e3o proposta vale para recursos oriundos de transfer\u00eancias constitucionais e legais, conv\u00eanios, contratos de repasse e outros instrumentos.<\/p>\n\n\n\n<p>Fonte: <a href=\"https:\/\/brasil61.com\/noticias\/estados-e-municipios-poderao-usar-repasses-federais-ate-o-fim-de-2021-bras202309?email=bethdeoliveira@yahoo.com.br&amp;utm_source=newsletter&amp;utm_medium=newsletter&amp;utm_campaign=newsletter\" target=\"_blank\" rel=\"noreferrer noopener\">Brasil 61<\/a><\/p>\n","protected":false},"excerpt":{"rendered":"<p>Atualmente, o dinheiro que n\u00e3o \u00e9 usado durante o prazo de vig\u00eancia retorna ao Tesouro<\/p>\n","protected":false},"author":2,"featured_media":3512,"comment_status":"open","ping_status":"open","sticky":false,"template":"","format":"standard","meta":{"footnotes":""},"categories":[14],"tags":[],"class_list":["post-3511","post","type-post","status-publish","format-standard","has-post-thumbnail","hentry","category-pais"],"_links":{"self":[{"href":"https:\/\/tvc16.com\/portal\/wp-json\/wp\/v2\/posts\/3511","targetHints":{"allow":["GET"]}}],"collection":[{"href":"https:\/\/tvc16.com\/portal\/wp-json\/wp\/v2\/posts"}],"about":[{"href":"https:\/\/tvc16.com\/portal\/wp-json\/wp\/v2\/types\/post"}],"author":[{"embeddable":true,"href":"https:\/\/tvc16.com\/portal\/wp-json\/wp\/v2\/users\/2"}],"replies":[{"embeddable":true,"href":"https:\/\/tvc16.com\/portal\/wp-json\/wp\/v2\/comments?post=3511"}],"version-history":[{"count":1,"href":"https:\/\/tvc16.com\/portal\/wp-json\/wp\/v2\/posts\/3511\/revisions"}],"predecessor-version":[{"id":3513,"href":"https:\/\/tvc16.com\/portal\/wp-json\/wp\/v2\/posts\/3511\/revisions\/3513"}],"wp:featuredmedia":[{"embeddable":true,"href":"https:\/\/tvc16.com\/portal\/wp-json\/wp\/v2\/media\/3512"}],"wp:attachment":[{"href":"https:\/\/tvc16.com\/portal\/wp-json\/wp\/v2\/media?parent=3511"}],"wp:term":[{"taxonomy":"category","embeddable":true,"href":"https:\/\/tvc16.com\/portal\/wp-json\/wp\/v2\/categories?post=3511"},{"taxonomy":"post_tag","embeddable":true,"href":"https:\/\/tvc16.com\/portal\/wp-json\/wp\/v2\/tags?post=3511"}],"curies":[{"name":"wp","href":"https:\/\/api.w.org\/{rel}","templated":true}]}}