{"id":3517,"date":"2020-10-22T15:12:51","date_gmt":"2020-10-22T15:12:51","guid":{"rendered":"https:\/\/tvc16.com\/portal\/?p=3517"},"modified":"2020-10-22T15:12:51","modified_gmt":"2020-10-22T15:12:51","slug":"familias-passarao-a-receber-o-bolsa-familia-somado-ao-auxilio-emergencial-ate-dezembro","status":"publish","type":"post","link":"https:\/\/tvc16.com\/portal\/2020\/10\/22\/familias-passarao-a-receber-o-bolsa-familia-somado-ao-auxilio-emergencial-ate-dezembro\/","title":{"rendered":"Fam\u00edlias passar\u00e3o a receber o Bolsa Fam\u00edlia somado ao Aux\u00edlio Emergencial at\u00e9 dezembro"},"content":{"rendered":"\n<p>Durante as cinco primeiras parcelas do Aux\u00edlio Emergencial, o Bolsa Fam\u00edlia foi suspenso para fam\u00edlias que o novo aux\u00edlio fosse mais vantajoso<\/p>\n\n\n\n<p>At\u00e9 o pr\u00f3ximo dia 30 de outubro, cerca de 12,4 milh\u00f5es das mais de 14,27 milh\u00f5es de fam\u00edlias atendidas pelo <a href=\"https:\/\/www.gov.br\/cidadania\/pt-br\/noticias-e-conteudos\/desenvolvimento-social\/noticias-desenvolvimento-social\/em-setembro-16-3-milhoes-de-beneficiarios-do-bolsa-familia-receberao-o-complemento-do-auxilio-emergencial\">Programa Bolsa Fam\u00edlia (PBF)<\/a> receber\u00e3o o benef\u00edcio de R$ 300 ou R$ 600, somados a primeira parcela da extens\u00e3o do Aux\u00edlio Emergencial.<\/p>\n\n\n\n<p>Durante as cinco primeiras parcelas do Aux\u00edlio dado em fun\u00e7\u00e3o da pandemia do novo coronav\u00edrus, o benef\u00edcio do Bolsa Fam\u00edlia foi suspenso e todas as fam\u00edlias eleg\u00edveis passaram a receber o Aux\u00edlio Emergencial, desde que fosse mais vantajoso para elas.<\/p>\n\n\n\n<p>Neste m\u00eas, segundo informa\u00e7\u00f5es da Dataprev, 1,5 milh\u00e3o de fam\u00edlias receber\u00e3o somente a parcela habitual do Bolsa Fam\u00edlia, enquanto 185 mil ser\u00e3o beneficiadas apenas com o Aux\u00edlio Emergencial em sua vers\u00e3o original.<\/p>\n\n\n\n<p>Fonte: <a href=\"https:\/\/brasil61.com\/noticias\/familias-passarao-a-receber-o-bolsa-familia-somado-ao-auxilio-emergencial-ate-dezembro-bras202308?email=bethdeoliveira@yahoo.com.br&amp;utm_source=newsletter&amp;utm_medium=newsletter&amp;utm_campaign=newsletter\" target=\"_blank\" rel=\"noreferrer noopener\">Brasil 61<\/a><\/p>\n","protected":false},"excerpt":{"rendered":"<p>Durante as cinco primeiras parcelas do Aux\u00edlio Emergencial, o Bolsa Fam\u00edlia foi suspenso para fam\u00edlias<\/p>\n","protected":false},"author":2,"featured_media":3518,"comment_status":"open","ping_status":"open","sticky":false,"template":"","format":"standard","meta":{"footnotes":""},"categories":[14],"tags":[],"class_list":["post-3517","post","type-post","status-publish","format-standard","has-post-thumbnail","hentry","category-pais"],"_links":{"self":[{"href":"https:\/\/tvc16.com\/portal\/wp-json\/wp\/v2\/posts\/3517","targetHints":{"allow":["GET"]}}],"collection":[{"href":"https:\/\/tvc16.com\/portal\/wp-json\/wp\/v2\/posts"}],"about":[{"href":"https:\/\/tvc16.com\/portal\/wp-json\/wp\/v2\/types\/post"}],"author":[{"embeddable":true,"href":"https:\/\/tvc16.com\/portal\/wp-json\/wp\/v2\/users\/2"}],"replies":[{"embeddable":true,"href":"https:\/\/tvc16.com\/portal\/wp-json\/wp\/v2\/comments?post=3517"}],"version-history":[{"count":1,"href":"https:\/\/tvc16.com\/portal\/wp-json\/wp\/v2\/posts\/3517\/revisions"}],"predecessor-version":[{"id":3519,"href":"https:\/\/tvc16.com\/portal\/wp-json\/wp\/v2\/posts\/3517\/revisions\/3519"}],"wp:featuredmedia":[{"embeddable":true,"href":"https:\/\/tvc16.com\/portal\/wp-json\/wp\/v2\/media\/3518"}],"wp:attachment":[{"href":"https:\/\/tvc16.com\/portal\/wp-json\/wp\/v2\/media?parent=3517"}],"wp:term":[{"taxonomy":"category","embeddable":true,"href":"https:\/\/tvc16.com\/portal\/wp-json\/wp\/v2\/categories?post=3517"},{"taxonomy":"post_tag","embeddable":true,"href":"https:\/\/tvc16.com\/portal\/wp-json\/wp\/v2\/tags?post=3517"}],"curies":[{"name":"wp","href":"https:\/\/api.w.org\/{rel}","templated":true}]}}