{"id":352,"date":"2020-09-12T01:08:44","date_gmt":"2020-09-12T01:08:44","guid":{"rendered":"https:\/\/tvc16.com\/portal\/?p=352"},"modified":"2020-09-12T01:16:31","modified_gmt":"2020-09-12T01:16:31","slug":"bombeiros-combatem-fogo-em-vegetacao-na-posse-distrito-de-petropolis-na-regiao-serrana-do-rj","status":"publish","type":"post","link":"https:\/\/tvc16.com\/portal\/2020\/09\/12\/bombeiros-combatem-fogo-em-vegetacao-na-posse-distrito-de-petropolis-na-regiao-serrana-do-rj\/","title":{"rendered":"Bombeiros combatem fogo em vegeta\u00e7\u00e3o na Posse, distrito de Petr\u00f3polis, na Regi\u00e3o Serrana do RJ"},"content":{"rendered":"\n<p><\/p>\n\n\n\n<p>Desde quinta-feira (10) um inc\u00eandio florestal atinge a Estrada dos Contr\u00f5es, na Posse. Nesta sexta-feira (11) tr\u00eas equipes do Corpo de Bombeiros e do ICMBio atuam no combate as chamas no local. A fuma\u00e7a e a fuligem tomaram conta do distrito e t\u00eam incomodado muito os moradores da regi\u00e3o. De acordo com o comandante do 15\u00ba GBM Gil Kempers, a queimada est\u00e1 em um lugar de dif\u00edcil acesso o que dificulta o combate. Diante disso, \u00e9 prov\u00e1vel que o fogo n\u00e3o seja extinto ainda nesta sexta-feira. \u00c9 poss\u00edvel que os trabalhos sigam ao longo do fim de semana.<\/p>\n\n\n\n<figure class=\"wp-block-gallery columns-1 is-cropped wp-block-gallery-1 is-layout-flex wp-block-gallery-is-layout-flex\"><ul class=\"blocks-gallery-grid\"><li class=\"blocks-gallery-item\"><figure><img loading=\"lazy\" decoding=\"async\" width=\"768\" height=\"1024\" src=\"https:\/\/tvc16.com\/portal\/wp-content\/uploads\/2020\/09\/fogo-768x1024.jpg\" alt=\"\" data-id=\"353\" data-full-url=\"https:\/\/tvc16.com\/portal\/wp-content\/uploads\/2020\/09\/fogo.jpg\" data-link=\"https:\/\/tvc16.com\/portal\/?attachment_id=353\" class=\"wp-image-353\" srcset=\"https:\/\/tvc16.com\/portal\/wp-content\/uploads\/2020\/09\/fogo-768x1024.jpg 768w, https:\/\/tvc16.com\/portal\/wp-content\/uploads\/2020\/09\/fogo-225x300.jpg 225w, https:\/\/tvc16.com\/portal\/wp-content\/uploads\/2020\/09\/fogo.jpg 960w\" sizes=\"auto, (max-width: 768px) 100vw, 768px\" \/><\/figure><\/li><\/ul><\/figure>\n","protected":false},"excerpt":{"rendered":"<p>Desde quinta-feira (10) um inc\u00eandio florestal atinge a Estrada dos Contr\u00f5es, na Posse. Nesta sexta-feira<\/p>\n","protected":false},"author":2,"featured_media":353,"comment_status":"open","ping_status":"open","sticky":false,"template":"","format":"standard","meta":{"footnotes":""},"categories":[12],"tags":[],"class_list":["post-352","post","type-post","status-publish","format-standard","has-post-thumbnail","hentry","category-cidade"],"_links":{"self":[{"href":"https:\/\/tvc16.com\/portal\/wp-json\/wp\/v2\/posts\/352","targetHints":{"allow":["GET"]}}],"collection":[{"href":"https:\/\/tvc16.com\/portal\/wp-json\/wp\/v2\/posts"}],"about":[{"href":"https:\/\/tvc16.com\/portal\/wp-json\/wp\/v2\/types\/post"}],"author":[{"embeddable":true,"href":"https:\/\/tvc16.com\/portal\/wp-json\/wp\/v2\/users\/2"}],"replies":[{"embeddable":true,"href":"https:\/\/tvc16.com\/portal\/wp-json\/wp\/v2\/comments?post=352"}],"version-history":[{"count":1,"href":"https:\/\/tvc16.com\/portal\/wp-json\/wp\/v2\/posts\/352\/revisions"}],"predecessor-version":[{"id":354,"href":"https:\/\/tvc16.com\/portal\/wp-json\/wp\/v2\/posts\/352\/revisions\/354"}],"wp:featuredmedia":[{"embeddable":true,"href":"https:\/\/tvc16.com\/portal\/wp-json\/wp\/v2\/media\/353"}],"wp:attachment":[{"href":"https:\/\/tvc16.com\/portal\/wp-json\/wp\/v2\/media?parent=352"}],"wp:term":[{"taxonomy":"category","embeddable":true,"href":"https:\/\/tvc16.com\/portal\/wp-json\/wp\/v2\/categories?post=352"},{"taxonomy":"post_tag","embeddable":true,"href":"https:\/\/tvc16.com\/portal\/wp-json\/wp\/v2\/tags?post=352"}],"curies":[{"name":"wp","href":"https:\/\/api.w.org\/{rel}","templated":true}]}}