{"id":3523,"date":"2020-10-22T15:17:47","date_gmt":"2020-10-22T15:17:47","guid":{"rendered":"https:\/\/tvc16.com\/portal\/?p=3523"},"modified":"2020-10-22T15:17:47","modified_gmt":"2020-10-22T15:17:47","slug":"mulheres-vitimas-de-violencia-domestica-sao-homenageadas-em-nova-iguacu","status":"publish","type":"post","link":"https:\/\/tvc16.com\/portal\/2020\/10\/22\/mulheres-vitimas-de-violencia-domestica-sao-homenageadas-em-nova-iguacu\/","title":{"rendered":"Mulheres v\u00edtimas de viol\u00eancia dom\u00e9stica s\u00e3o homenageadas em Nova Igua\u00e7u"},"content":{"rendered":"\n<p><br><br>Levantar a autoestima de mulheres que j\u00e1 foram v\u00edtimas de viol\u00eancia dom\u00e9stica. Esse \u00e9 o principal objetivo do projeto Florescer, da Coordenadoria de Pol\u00edticas para Mulheres, \u00f3rg\u00e3o ligado \u00e0 Secretaria Municipal de Assist\u00eancia Social de Nova Igua\u00e7u, que nesta quarta-feira (21), homenageou algumas delas em sua sede. Durante o evento, foram expostas fotos de um ensaio fotogr\u00e1fico feito com seis mulheres, que ficar\u00e3o em exposi\u00e7\u00e3o na Coordenadoria at\u00e9 o fim deste m\u00eas.<br><br>O ensaio, realizado no in\u00edcio de mar\u00e7o num s\u00edtio em Nova Igua\u00e7u, reuniu as mulheres que passaram por viol\u00eancia e receberam atendimentos psicol\u00f3gicos e jur\u00eddicos na Coordenadoria.<br><br>\u201cPassei por viol\u00eancia f\u00edsica, psicol\u00f3gica e patrimonial h\u00e1 2 anos. Fui acolhida na Coordenadoria de Pol\u00edticas para Mulheres em Nova Igua\u00e7u e hoje sou outra pessoa. Uma mulher totalmente livre, feliz, restaurada e com a autoestima levantada. At\u00e9 voltei a trabalhar. Essa homenagem significa muito para n\u00f3s\u201d, comentou a fonoaudi\u00f3loga Fernanda, de 37 anos, uma das retratadas no ensaio.<br><br>A Coordenadoria, que atende em m\u00e9dia cerca de 110 mulheres por m\u00eas, fica na Rua Terezinha Pinto 297, Centro. O Centro Especializado de Atendimento \u00e0 Mulher (CEAM) da Coordenadoria oferece atendimento psic\u00f3logico, social e jur\u00eddico, al\u00e9m de acompanhamento das dificuldades de aprendizagem dos filhos dessas mulheres. O CEAM oferece atendimento individual e encontros quinzenais em grupos.<\/p>\n","protected":false},"excerpt":{"rendered":"<p>Levantar a autoestima de mulheres que j\u00e1 foram v\u00edtimas de viol\u00eancia dom\u00e9stica. Esse \u00e9 o<\/p>\n","protected":false},"author":2,"featured_media":3524,"comment_status":"open","ping_status":"open","sticky":false,"template":"","format":"standard","meta":{"footnotes":""},"categories":[17],"tags":[],"class_list":["post-3523","post","type-post","status-publish","format-standard","has-post-thumbnail","hentry","category-outras-noticias"],"_links":{"self":[{"href":"https:\/\/tvc16.com\/portal\/wp-json\/wp\/v2\/posts\/3523","targetHints":{"allow":["GET"]}}],"collection":[{"href":"https:\/\/tvc16.com\/portal\/wp-json\/wp\/v2\/posts"}],"about":[{"href":"https:\/\/tvc16.com\/portal\/wp-json\/wp\/v2\/types\/post"}],"author":[{"embeddable":true,"href":"https:\/\/tvc16.com\/portal\/wp-json\/wp\/v2\/users\/2"}],"replies":[{"embeddable":true,"href":"https:\/\/tvc16.com\/portal\/wp-json\/wp\/v2\/comments?post=3523"}],"version-history":[{"count":1,"href":"https:\/\/tvc16.com\/portal\/wp-json\/wp\/v2\/posts\/3523\/revisions"}],"predecessor-version":[{"id":3525,"href":"https:\/\/tvc16.com\/portal\/wp-json\/wp\/v2\/posts\/3523\/revisions\/3525"}],"wp:featuredmedia":[{"embeddable":true,"href":"https:\/\/tvc16.com\/portal\/wp-json\/wp\/v2\/media\/3524"}],"wp:attachment":[{"href":"https:\/\/tvc16.com\/portal\/wp-json\/wp\/v2\/media?parent=3523"}],"wp:term":[{"taxonomy":"category","embeddable":true,"href":"https:\/\/tvc16.com\/portal\/wp-json\/wp\/v2\/categories?post=3523"},{"taxonomy":"post_tag","embeddable":true,"href":"https:\/\/tvc16.com\/portal\/wp-json\/wp\/v2\/tags?post=3523"}],"curies":[{"name":"wp","href":"https:\/\/api.w.org\/{rel}","templated":true}]}}