{"id":3527,"date":"2020-10-22T15:37:37","date_gmt":"2020-10-22T15:37:37","guid":{"rendered":"https:\/\/tvc16.com\/portal\/?p=3527"},"modified":"2020-10-22T15:37:37","modified_gmt":"2020-10-22T15:37:37","slug":"pm-flagra-venda-de-drogas-na-chacara-flora","status":"publish","type":"post","link":"https:\/\/tvc16.com\/portal\/2020\/10\/22\/pm-flagra-venda-de-drogas-na-chacara-flora\/","title":{"rendered":"PM flagra venda de drogas na Ch\u00e1cara Flora"},"content":{"rendered":"\n<p>Menor apreendido tinha passagem por estupro<\/p>\n\n\n\n<p>Na quarta-feira (21) a Pol\u00edcia Militar foi informada sobre dois homens vendiam drogas na Rua Manoel Vieira Bay\u00e3o, na Ch\u00e1cara Flora. Os agentes se dirigiram ao local e identificaram um homem, de 23 anos e um adolescente de 16 anos, em atitude suspeita. Durante a revista pessoal nada ilegal foi encontrado com eles, mas ap\u00f3s buscas pr\u00f3ximo a \u00e1rea onde a dupla estava os PMs localizaram 26 c\u00e1psulas de coca\u00edna, seis tiras de maconha e R$ 60 em dinheiro. O material estava escondido atr\u00e1s de um muro.<\/p>\n\n\n\n<p>Diante disso, ambos foram encaminhados para a 105\u00aa Delegacia de Pol\u00edcia, no Retiro. O maior, que j\u00e1 tinha quatro anota\u00e7\u00f5es criminais por tr\u00e1fico e duas por amea\u00e7a foi autuado novamente por tr\u00e1fico de entorpecentes, associa\u00e7\u00e3o pelo mesmo crime e corrup\u00e7\u00e3o de menores. Ele permaneceu preso. O adolescente, que j\u00e1 tinha passagem por estupro de vulner\u00e1vel, foi autuado em fato an\u00e1logo por tr\u00e1fico e associa\u00e7\u00e3o e ficou apreendido.<\/p>\n","protected":false},"excerpt":{"rendered":"<p>Menor apreendido tinha passagem por estupro Na quarta-feira (21) a Pol\u00edcia Militar foi informada sobre<\/p>\n","protected":false},"author":2,"featured_media":3528,"comment_status":"open","ping_status":"open","sticky":false,"template":"","format":"standard","meta":{"footnotes":""},"categories":[12],"tags":[],"class_list":["post-3527","post","type-post","status-publish","format-standard","has-post-thumbnail","hentry","category-cidade"],"_links":{"self":[{"href":"https:\/\/tvc16.com\/portal\/wp-json\/wp\/v2\/posts\/3527","targetHints":{"allow":["GET"]}}],"collection":[{"href":"https:\/\/tvc16.com\/portal\/wp-json\/wp\/v2\/posts"}],"about":[{"href":"https:\/\/tvc16.com\/portal\/wp-json\/wp\/v2\/types\/post"}],"author":[{"embeddable":true,"href":"https:\/\/tvc16.com\/portal\/wp-json\/wp\/v2\/users\/2"}],"replies":[{"embeddable":true,"href":"https:\/\/tvc16.com\/portal\/wp-json\/wp\/v2\/comments?post=3527"}],"version-history":[{"count":1,"href":"https:\/\/tvc16.com\/portal\/wp-json\/wp\/v2\/posts\/3527\/revisions"}],"predecessor-version":[{"id":3529,"href":"https:\/\/tvc16.com\/portal\/wp-json\/wp\/v2\/posts\/3527\/revisions\/3529"}],"wp:featuredmedia":[{"embeddable":true,"href":"https:\/\/tvc16.com\/portal\/wp-json\/wp\/v2\/media\/3528"}],"wp:attachment":[{"href":"https:\/\/tvc16.com\/portal\/wp-json\/wp\/v2\/media?parent=3527"}],"wp:term":[{"taxonomy":"category","embeddable":true,"href":"https:\/\/tvc16.com\/portal\/wp-json\/wp\/v2\/categories?post=3527"},{"taxonomy":"post_tag","embeddable":true,"href":"https:\/\/tvc16.com\/portal\/wp-json\/wp\/v2\/tags?post=3527"}],"curies":[{"name":"wp","href":"https:\/\/api.w.org\/{rel}","templated":true}]}}