{"id":3535,"date":"2020-10-22T15:53:38","date_gmt":"2020-10-22T15:53:38","guid":{"rendered":"https:\/\/tvc16.com\/portal\/?p=3535"},"modified":"2020-10-22T15:53:38","modified_gmt":"2020-10-22T15:53:38","slug":"eleicoes-2020-candidatos-tem-ate-domingo-para-enviar-prestacao-de-contas-parcial","status":"publish","type":"post","link":"https:\/\/tvc16.com\/portal\/2020\/10\/22\/eleicoes-2020-candidatos-tem-ate-domingo-para-enviar-prestacao-de-contas-parcial\/","title":{"rendered":"Elei\u00e7\u00f5es 2020: Candidatos t\u00eam at\u00e9 domingo para enviar presta\u00e7\u00e3o de contas parcial"},"content":{"rendered":"\n<p><\/p>\n\n\n\n<p>Esta primeira etapa deve enviada por todos os candidatos, independentemente de estarem com o registro deferido ou n\u00e3o<\/p>\n\n\n\n<p>Come\u00e7ou nesta quarta-feira (21) o prazo para que candidatos e partidos pol\u00edticos enviem \u00e0 Justi\u00e7a Eleitoral a presta\u00e7\u00e3o de contas parcial referente \u00e0s Elei\u00e7\u00f5es Municipais 2020. Esta primeira etapa deve enviada por todos os candidatos, independentemente de estarem com o registro deferido ou n\u00e3o, at\u00e9 este domingo (25).<\/p>\n\n\n\n<p>As informa\u00e7\u00f5es devem ser anexadas no Sistema de Presta\u00e7\u00e3o de Contas Eleitorais (<strong><a href=\"https:\/\/www.tse.jus.br\/eleicoes\/eleicoes-2020\/prestacao-de-contas\/sistema-de-prestacao-de-contas-eleitorais-spce\">SPCE<\/a><\/strong>). &nbsp;A aus\u00eancia da presta\u00e7\u00e3o de contas parciais pode repercutir na regularidade das contas finais, assim como na apresenta\u00e7\u00e3o de contas com movimenta\u00e7\u00f5es n\u00e3o correspondentes \u00e0 realidade.<\/p>\n\n\n\n<p><a href=\"https:\/\/brasil61.com\/noticias\/eleicoes-2020-saiba-como-funciona-a-logistica-para-realizar-um-processo-eleitoral-bras202143\"><strong>Elei\u00e7\u00f5es 2020: Saiba como funciona a log\u00edstica para realizar um processo eleitoral<\/strong><\/a><\/p>\n\n\n\n<p><a href=\"https:\/\/brasil61.com\/noticias\/eleicoes-2020-cresce-o-numero-de-candidatos-analfabetos-concorrendo-a-vereador-bras202178\"><strong>Elei\u00e7\u00f5es 2020: Cresce o n\u00famero de candidatos analfabetos concorrendo a vereador<\/strong><\/a><\/p>\n\n\n\n<p>A presta\u00e7\u00e3o de contas \u00e9 um dever de todos os candidatos, inclusive vices e suplentes, e dos diret\u00f3rios partid\u00e1rios. O candidato que renunciar \u00e0 candidatura, dela desistir, for substitu\u00eddo, ou tiver seu pedido de registro indeferido pela Justi\u00e7a Eleitoral dever\u00e1 prestar contas correspondentes ao per\u00edodo de participa\u00e7\u00e3o.&nbsp;<\/p>\n\n\n\n<p>Nas primeiras informa\u00e7\u00f5es deve conter toda a movimenta\u00e7\u00e3o financeira ou estim\u00e1vel ocorrida do in\u00edcio da campanha at\u00e9 o dia 20 de outubro. Os dados das presta\u00e7\u00f5es de contas parciais ser\u00e3o divulgados pelo Tribunal Superior Eleitoral (TSE) no dia 27 de outubro, por meio do sistema <a href=\"http:\/\/divulgacandcontas.tse.jus.br\/divulga\/\">DivulgaCandContas<\/a>.<\/p>\n\n\n\n<p>Fonte: <a href=\"https:\/\/brasil61.com\/noticias\/eleicoes-2020-candidatos-tem-ate-domingo-para-enviar-prestacao-de-contas-parcial-bras202318?email=bethdeoliveira@yahoo.com.br&amp;utm_source=newsletter&amp;utm_medium=newsletter&amp;utm_campaign=newsletter\" target=\"_blank\" rel=\"noreferrer noopener\">Brasil 61<\/a><\/p>\n","protected":false},"excerpt":{"rendered":"<p>Esta primeira etapa deve enviada por todos os candidatos, independentemente de estarem com o registro<\/p>\n","protected":false},"author":2,"featured_media":3536,"comment_status":"open","ping_status":"open","sticky":false,"template":"","format":"standard","meta":{"footnotes":""},"categories":[15],"tags":[],"class_list":["post-3535","post","type-post","status-publish","format-standard","has-post-thumbnail","hentry","category-politica"],"_links":{"self":[{"href":"https:\/\/tvc16.com\/portal\/wp-json\/wp\/v2\/posts\/3535","targetHints":{"allow":["GET"]}}],"collection":[{"href":"https:\/\/tvc16.com\/portal\/wp-json\/wp\/v2\/posts"}],"about":[{"href":"https:\/\/tvc16.com\/portal\/wp-json\/wp\/v2\/types\/post"}],"author":[{"embeddable":true,"href":"https:\/\/tvc16.com\/portal\/wp-json\/wp\/v2\/users\/2"}],"replies":[{"embeddable":true,"href":"https:\/\/tvc16.com\/portal\/wp-json\/wp\/v2\/comments?post=3535"}],"version-history":[{"count":1,"href":"https:\/\/tvc16.com\/portal\/wp-json\/wp\/v2\/posts\/3535\/revisions"}],"predecessor-version":[{"id":3537,"href":"https:\/\/tvc16.com\/portal\/wp-json\/wp\/v2\/posts\/3535\/revisions\/3537"}],"wp:featuredmedia":[{"embeddable":true,"href":"https:\/\/tvc16.com\/portal\/wp-json\/wp\/v2\/media\/3536"}],"wp:attachment":[{"href":"https:\/\/tvc16.com\/portal\/wp-json\/wp\/v2\/media?parent=3535"}],"wp:term":[{"taxonomy":"category","embeddable":true,"href":"https:\/\/tvc16.com\/portal\/wp-json\/wp\/v2\/categories?post=3535"},{"taxonomy":"post_tag","embeddable":true,"href":"https:\/\/tvc16.com\/portal\/wp-json\/wp\/v2\/tags?post=3535"}],"curies":[{"name":"wp","href":"https:\/\/api.w.org\/{rel}","templated":true}]}}