{"id":3541,"date":"2020-10-22T16:39:27","date_gmt":"2020-10-22T16:39:27","guid":{"rendered":"https:\/\/tvc16.com\/portal\/?p=3541"},"modified":"2020-10-22T16:39:27","modified_gmt":"2020-10-22T16:39:27","slug":"palacio-em-festa-sera-virtual-este-ano","status":"publish","type":"post","link":"https:\/\/tvc16.com\/portal\/2020\/10\/22\/palacio-em-festa-sera-virtual-este-ano\/","title":{"rendered":"Pal\u00e1cio em Festa ser\u00e1 virtual este ano"},"content":{"rendered":"\n<p>Por conta da pandemia do coronavirus, o evento \u201cPal\u00e1cio em Festa\u201d este ano ser\u00e1 virtual, e acontecer\u00e1 dia 24 de outubro, a partir das 11h, no Instagram @palacioemfesta.<\/p>\n\n\n\n<p>O evento oferece distra\u00e7\u00e3o \u00e0s crian\u00e7as e suas fam\u00edlias, que poder\u00e3o desfrutar de uma programa\u00e7\u00e3o dirigida e cuidadosamente estudada, de atra\u00e7\u00f5es e oficinas com artistas petropolitanos, proporcionando momentos \u00fanicos para toda a fam\u00edlia.<\/p>\n\n\n\n<figure class=\"wp-block-image size-large\"><img loading=\"lazy\" decoding=\"async\" width=\"472\" height=\"1024\" src=\"https:\/\/tvc16.com\/portal\/wp-content\/uploads\/2020\/10\/WhatsApp-Image-2020-10-22-at-13.36.58-472x1024.jpeg\" alt=\"\" class=\"wp-image-3542\" srcset=\"https:\/\/tvc16.com\/portal\/wp-content\/uploads\/2020\/10\/WhatsApp-Image-2020-10-22-at-13.36.58-472x1024.jpeg 472w, https:\/\/tvc16.com\/portal\/wp-content\/uploads\/2020\/10\/WhatsApp-Image-2020-10-22-at-13.36.58-138x300.jpeg 138w, https:\/\/tvc16.com\/portal\/wp-content\/uploads\/2020\/10\/WhatsApp-Image-2020-10-22-at-13.36.58.jpeg 590w\" sizes=\"auto, (max-width: 472px) 100vw, 472px\" \/><\/figure>\n\n\n\n<p>A programa\u00e7\u00e3o do evento se dividir\u00e1 entre oficinas, pr\u00e1tica de yoga e um show musical:<\/p>\n\n\n\n<p>11h \/ 11h30 \u2013 IOGA E OS JOGOS TEATRAIS com ANTONIO TIGRE.<\/p>\n\n\n\n<p>Professor conceituado no Rio, de mudan\u00e7a para Petr\u00f3polis, desenvolveu um m\u00e9todo incr\u00edvel de capturar a aten\u00e7\u00e3o da crian\u00e7ada durante a pr\u00e1tica.<\/p>\n\n\n\n<p>14h \/ 14h30 \u2013 OFICINA de POP-UP com A BIBLIOTECA AMARELA para crian\u00e7as a partir de 4 anos.<\/p>\n\n\n\n<p>A oficina come\u00e7a com a leitura do livro pop-up Little Tree (Katsumi Komagata) \u2013 A pequena \u00e1rvore. Em seguida, Anna Luiza ensinar\u00e1, junto com seu filho de 8 anos a t\u00e9cnica pop-up para fazer uma \u00e1rvore que brota do papel. A partir desta t\u00e9cnica, as crian\u00e7as podem criar muitos outros elementos pop-up.<\/p>\n\n\n\n<p>15h \/ 15h30 \u2013 COZINHANDO EM FAM\u00cdLIA com LYDIA GONZALEZ.<\/p>\n\n\n\n<p>A petropolitana, criada pela av\u00f3, que sempre cozinhou pra sobreviver, diz que resolveu fazer gastronomia para agradar ao pai, que n\u00e3o gostava de comer nada. Lydia brinca que teve 17 casas em 17 anos, pois se mudou muito. No Brasil morou no Rio, em B\u00fazios, Bel\u00e9m, Camburi, Mea\u00edpe e Vit\u00f3ria. Tamb\u00e9m passou dois anos viajando e trabalhando pela Europa. A chef acaba de participar do programa \u201cMestre do Sabor\u201d na Rede Globo (2020), chegando a semifinalista.&nbsp;<\/p>\n\n\n\n<p>17h \/ 17h30 \u2013 show interativo MUSICALIZANDO COM TIO ANDINHO.<\/p>\n\n\n\n<p>Com Andinho Carnevalli, natural de Petr\u00f3polis, ele cursa Licenciatura em M\u00fasica (UCP), atua no cen\u00e1rio musical da cidade como vocalista de uma banda de pop rock chamada Termostato e integra o Coral da Universidade Cat\u00f3lica de Petr\u00f3polis. O jovem m\u00fasico tem dedicado grande parte do seu tempo e talento ao trabalho com crian\u00e7as; ele d\u00e1 aula de musicaliza\u00e7\u00e3o infantil em escolas e far\u00e1 um show especial no Pal\u00e1cio em Festa.<\/p>\n\n\n\n<p>A primeira edi\u00e7\u00e3o do Pal\u00e1cio em Festa, em 2019, foi um sucesso trazendo uma diversidade de atividades culturais e recreativas com muito entretenimento, informa\u00e7\u00e3o, descobertas e brincadeira, no Pal\u00e1cio de Cristal. O objetivo foi reunir um p\u00fablico variado, de todas as idades, promovendo cultura, educa\u00e7\u00e3o social, leitura, e agregando conceitos essenciais como sustentabilidade, consumo consciente e solidariedade, atrav\u00e9s de diversas a\u00e7\u00f5es.<\/p>\n","protected":false},"excerpt":{"rendered":"<p>Por conta da pandemia do coronavirus, o evento \u201cPal\u00e1cio em Festa\u201d este ano ser\u00e1 virtual,<\/p>\n","protected":false},"author":2,"featured_media":3543,"comment_status":"open","ping_status":"open","sticky":false,"template":"","format":"standard","meta":{"footnotes":""},"categories":[12],"tags":[],"class_list":["post-3541","post","type-post","status-publish","format-standard","has-post-thumbnail","hentry","category-cidade"],"_links":{"self":[{"href":"https:\/\/tvc16.com\/portal\/wp-json\/wp\/v2\/posts\/3541","targetHints":{"allow":["GET"]}}],"collection":[{"href":"https:\/\/tvc16.com\/portal\/wp-json\/wp\/v2\/posts"}],"about":[{"href":"https:\/\/tvc16.com\/portal\/wp-json\/wp\/v2\/types\/post"}],"author":[{"embeddable":true,"href":"https:\/\/tvc16.com\/portal\/wp-json\/wp\/v2\/users\/2"}],"replies":[{"embeddable":true,"href":"https:\/\/tvc16.com\/portal\/wp-json\/wp\/v2\/comments?post=3541"}],"version-history":[{"count":1,"href":"https:\/\/tvc16.com\/portal\/wp-json\/wp\/v2\/posts\/3541\/revisions"}],"predecessor-version":[{"id":3544,"href":"https:\/\/tvc16.com\/portal\/wp-json\/wp\/v2\/posts\/3541\/revisions\/3544"}],"wp:featuredmedia":[{"embeddable":true,"href":"https:\/\/tvc16.com\/portal\/wp-json\/wp\/v2\/media\/3543"}],"wp:attachment":[{"href":"https:\/\/tvc16.com\/portal\/wp-json\/wp\/v2\/media?parent=3541"}],"wp:term":[{"taxonomy":"category","embeddable":true,"href":"https:\/\/tvc16.com\/portal\/wp-json\/wp\/v2\/categories?post=3541"},{"taxonomy":"post_tag","embeddable":true,"href":"https:\/\/tvc16.com\/portal\/wp-json\/wp\/v2\/tags?post=3541"}],"curies":[{"name":"wp","href":"https:\/\/api.w.org\/{rel}","templated":true}]}}