{"id":3557,"date":"2020-10-22T20:06:37","date_gmt":"2020-10-22T20:06:37","guid":{"rendered":"https:\/\/tvc16.com\/portal\/?p=3557"},"modified":"2020-10-22T20:06:37","modified_gmt":"2020-10-22T20:06:37","slug":"obras-do-cei-irma-dulce-no-atilio-marotti-tem-inicio","status":"publish","type":"post","link":"https:\/\/tvc16.com\/portal\/2020\/10\/22\/obras-do-cei-irma-dulce-no-atilio-marotti-tem-inicio\/","title":{"rendered":"Obras do CEI Irm\u00e3 Dulce, no Atilio Marotti t\u00eam in\u00edcio"},"content":{"rendered":"\n<p>Foram iniciadas este m\u00eas as obras de reforma do CEI Irm\u00e3 Dulce, no Atilio Marotti. O prazo para entrega da obra \u00e9 de 180 dias.\u00a0No local poder\u00e3o ser atendidas at\u00e9 50 crian\u00e7as.<\/p>\n\n\n\n<p>O pr\u00e9dio est\u00e1 desativado desde 2016. Na \u00e9poca, os alunos foram transferidos para um CEI no Retiro.\u00a0No projeto da reforma h\u00e1 sol\u00e1rio, parquinho, banheiro, frald\u00e1rio, p\u00e1tio coberto, espa\u00e7o de estimula\u00e7\u00e3o, sala para ber\u00e7\u00e1rio, 1\u00b0 per\u00edodo, 2\u00b0 per\u00edodo e 3\u00b0 per\u00edodo.\u00a0O espa\u00e7o tamb\u00e9m ser\u00e1 equipado com mobili\u00e1rio e brinquedos novos, como os cinco novos Centros de Educa\u00e7\u00e3o infantil que foram inaugurados pelo poder p\u00fablico neste ano.<\/p>\n\n\n\n<p>A iniciativa faz parte do processo de transforma\u00e7\u00e3o da rede que inclui a inaugura\u00e7\u00e3o de novos espa\u00e7os para o aumento na oferta de vagas na educa\u00e7\u00e3o infantil.<\/p>\n","protected":false},"excerpt":{"rendered":"<p>Foram iniciadas este m\u00eas as obras de reforma do CEI Irm\u00e3 Dulce, no Atilio Marotti.<\/p>\n","protected":false},"author":2,"featured_media":3558,"comment_status":"open","ping_status":"open","sticky":false,"template":"","format":"standard","meta":{"footnotes":""},"categories":[12],"tags":[],"class_list":["post-3557","post","type-post","status-publish","format-standard","has-post-thumbnail","hentry","category-cidade"],"_links":{"self":[{"href":"https:\/\/tvc16.com\/portal\/wp-json\/wp\/v2\/posts\/3557","targetHints":{"allow":["GET"]}}],"collection":[{"href":"https:\/\/tvc16.com\/portal\/wp-json\/wp\/v2\/posts"}],"about":[{"href":"https:\/\/tvc16.com\/portal\/wp-json\/wp\/v2\/types\/post"}],"author":[{"embeddable":true,"href":"https:\/\/tvc16.com\/portal\/wp-json\/wp\/v2\/users\/2"}],"replies":[{"embeddable":true,"href":"https:\/\/tvc16.com\/portal\/wp-json\/wp\/v2\/comments?post=3557"}],"version-history":[{"count":1,"href":"https:\/\/tvc16.com\/portal\/wp-json\/wp\/v2\/posts\/3557\/revisions"}],"predecessor-version":[{"id":3559,"href":"https:\/\/tvc16.com\/portal\/wp-json\/wp\/v2\/posts\/3557\/revisions\/3559"}],"wp:featuredmedia":[{"embeddable":true,"href":"https:\/\/tvc16.com\/portal\/wp-json\/wp\/v2\/media\/3558"}],"wp:attachment":[{"href":"https:\/\/tvc16.com\/portal\/wp-json\/wp\/v2\/media?parent=3557"}],"wp:term":[{"taxonomy":"category","embeddable":true,"href":"https:\/\/tvc16.com\/portal\/wp-json\/wp\/v2\/categories?post=3557"},{"taxonomy":"post_tag","embeddable":true,"href":"https:\/\/tvc16.com\/portal\/wp-json\/wp\/v2\/tags?post=3557"}],"curies":[{"name":"wp","href":"https:\/\/api.w.org\/{rel}","templated":true}]}}