{"id":3563,"date":"2020-10-22T21:08:02","date_gmt":"2020-10-22T21:08:02","guid":{"rendered":"https:\/\/tvc16.com\/portal\/?p=3563"},"modified":"2020-10-22T21:08:02","modified_gmt":"2020-10-22T21:08:02","slug":"selecao-brasileira-permanece-em-terceiro-no-ranking-da-fifa","status":"publish","type":"post","link":"https:\/\/tvc16.com\/portal\/2020\/10\/22\/selecao-brasileira-permanece-em-terceiro-no-ranking-da-fifa\/","title":{"rendered":"Sele\u00e7\u00e3o brasileira permanece em terceiro no ranking da Fifa"},"content":{"rendered":"\n<h3 class=\"wp-block-heading\">B\u00e9lgica continua na lideran\u00e7a, com Fran\u00e7a em segundo<\/h3>\n\n\n\n<h4 class=\"wp-block-heading\">Por Ag\u00eancia Brasil &#8211; Rio de Janeiro<\/h4>\n\n\n\n<p>A Fifa divulgou nesta quinta-feira (22) mais uma edi\u00e7\u00e3o de seu ranking de sele\u00e7\u00f5es. A classifica\u00e7\u00e3o n\u00e3o sofreu grandes modifica\u00e7\u00f5es, especialmente nas dez primeiras posi\u00e7\u00f5es, onde a B\u00e9lgica permanece na lideran\u00e7a, a atual campe\u00e3 mundial Fran\u00e7a continua em segundo, e a sele\u00e7\u00e3o brasileira em terceiro.<img decoding=\"async\" src=\"https:\/\/agenciabrasil.ebc.com.br\/ebc.png?id=1391319&amp;o=node\"><img decoding=\"async\" src=\"https:\/\/agenciabrasil.ebc.com.br\/ebc.gif?id=1391319&amp;o=node\"><\/p>\n\n\n\n<figure class=\"wp-block-image size-large\"><img loading=\"lazy\" decoding=\"async\" width=\"680\" height=\"340\" src=\"https:\/\/tvc16.com\/portal\/wp-content\/uploads\/2020\/10\/Ek6u_8ZWMAAat3F.jpg\" alt=\"\" class=\"wp-image-3564\" srcset=\"https:\/\/tvc16.com\/portal\/wp-content\/uploads\/2020\/10\/Ek6u_8ZWMAAat3F.jpg 680w, https:\/\/tvc16.com\/portal\/wp-content\/uploads\/2020\/10\/Ek6u_8ZWMAAat3F-300x150.jpg 300w\" sizes=\"auto, (max-width: 680px) 100vw, 680px\" \/><\/figure>\n\n\n\n<p>O ranking foi divulgado ap\u00f3s a realiza\u00e7\u00e3o dos jogos das Eliminat\u00f3rias para a Copa do Mundo e da Liga das Na\u00e7\u00f5es (competi\u00e7\u00e3o entre sele\u00e7\u00f5es europeias).<\/p>\n\n\n\n<p>Entre os 10 primeiros colocados da classifica\u00e7\u00e3o, aconteceram poucas modifica\u00e7\u00f5es, com a Espanha assumindo a sexta posi\u00e7\u00e3o no lugar de Portugal (s\u00e9tima), e a Argentina assumindo a oitava posi\u00e7\u00e3o no lugar da vice-campe\u00e3 mundial Cro\u00e1cia (nona).<\/p>\n\n\n\n<p>A equipe que mais ganhou posi\u00e7\u00f5es no ranking foi Malta, que ultrapassou seis sele\u00e7\u00f5es para alcan\u00e7ar a 180\u00aa coloca\u00e7\u00e3o. A pr\u00f3xima edi\u00e7\u00e3o do ranking de sele\u00e7\u00f5es da Fifa ser\u00e1 divulgado no dia 26 de novembro.<\/p>\n\n\n\n<p>Edi\u00e7\u00e3o: F\u00e1bio Lisboa<\/p>\n","protected":false},"excerpt":{"rendered":"<p>B\u00e9lgica continua na lideran\u00e7a, com Fran\u00e7a em segundo Por Ag\u00eancia Brasil &#8211; Rio de Janeiro<\/p>\n","protected":false},"author":2,"featured_media":3565,"comment_status":"open","ping_status":"open","sticky":false,"template":"","format":"standard","meta":{"footnotes":""},"categories":[20],"tags":[],"class_list":["post-3563","post","type-post","status-publish","format-standard","has-post-thumbnail","hentry","category-esporte"],"_links":{"self":[{"href":"https:\/\/tvc16.com\/portal\/wp-json\/wp\/v2\/posts\/3563","targetHints":{"allow":["GET"]}}],"collection":[{"href":"https:\/\/tvc16.com\/portal\/wp-json\/wp\/v2\/posts"}],"about":[{"href":"https:\/\/tvc16.com\/portal\/wp-json\/wp\/v2\/types\/post"}],"author":[{"embeddable":true,"href":"https:\/\/tvc16.com\/portal\/wp-json\/wp\/v2\/users\/2"}],"replies":[{"embeddable":true,"href":"https:\/\/tvc16.com\/portal\/wp-json\/wp\/v2\/comments?post=3563"}],"version-history":[{"count":1,"href":"https:\/\/tvc16.com\/portal\/wp-json\/wp\/v2\/posts\/3563\/revisions"}],"predecessor-version":[{"id":3566,"href":"https:\/\/tvc16.com\/portal\/wp-json\/wp\/v2\/posts\/3563\/revisions\/3566"}],"wp:featuredmedia":[{"embeddable":true,"href":"https:\/\/tvc16.com\/portal\/wp-json\/wp\/v2\/media\/3565"}],"wp:attachment":[{"href":"https:\/\/tvc16.com\/portal\/wp-json\/wp\/v2\/media?parent=3563"}],"wp:term":[{"taxonomy":"category","embeddable":true,"href":"https:\/\/tvc16.com\/portal\/wp-json\/wp\/v2\/categories?post=3563"},{"taxonomy":"post_tag","embeddable":true,"href":"https:\/\/tvc16.com\/portal\/wp-json\/wp\/v2\/tags?post=3563"}],"curies":[{"name":"wp","href":"https:\/\/api.w.org\/{rel}","templated":true}]}}