{"id":3567,"date":"2020-10-22T21:10:31","date_gmt":"2020-10-22T21:10:31","guid":{"rendered":"https:\/\/tvc16.com\/portal\/?p=3567"},"modified":"2020-10-22T21:10:31","modified_gmt":"2020-10-22T21:10:31","slug":"pix-podera-ser-usado-para-recolhimento-do-fgts","status":"publish","type":"post","link":"https:\/\/tvc16.com\/portal\/2020\/10\/22\/pix-podera-ser-usado-para-recolhimento-do-fgts\/","title":{"rendered":"Pix poder\u00e1 ser usado para recolhimento do FGTS"},"content":{"rendered":"\n<h3 class=\"wp-block-heading\">A nova possibilidade poder\u00e1 ser usada em 2021<\/h3>\n\n\n\n<h4 class=\"wp-block-heading\">Por Kelly Oliveira \u2013 Rep\u00f3rter da Ag\u00eancia Brasil &#8211; Bras\u00edlia<\/h4>\n\n\n\n<p>O Banco Central (BC) anunciou hoje (22) que o Pix, novo sistema de pagamento instant\u00e2neo, poder\u00e1 ser usado para o recolhimento de contribui\u00e7\u00f5es ao Fundo de Garantia do Tempo de Servi\u00e7o (FGTS).<img decoding=\"async\" src=\"https:\/\/agenciabrasil.ebc.com.br\/ebc.png?id=1391320&amp;o=node\"><img decoding=\"async\" src=\"https:\/\/agenciabrasil.ebc.com.br\/ebc.gif?id=1391320&amp;o=node\"><\/p>\n\n\n\n<p>Na abertura da 11\u00aa reuni\u00e3o plen\u00e1ria do F\u00f3rum Pix, transmitida hoje pela internet, o diretor de Organiza\u00e7\u00e3o do Sistema Financeiro e de Resolu\u00e7\u00e3o do BC, Jo\u00e3o Manoel Pinho de Mello, informou que foi feito um acordo de coopera\u00e7\u00e3o t\u00e9cnica com a Secretaria Especial de Previd\u00eancia e Trabalho para permitir o recolhimento do FGTS. \u201cEsse acordo com a secretaria tem como objetivo viabilizar o Pix como uma op\u00e7\u00e3o para o recolhimento de contribui\u00e7\u00f5es ao FGTS e da contribui\u00e7\u00e3o social a partir do lan\u00e7amento do FGTS Digital, previsto para janeiro de 2021\u201d, disse o diretor.<\/p>\n\n\n\n<p>O sistema FGTS Digital ser\u00e1 uma plataforma que vai centralizar a arrecada\u00e7\u00e3o, apura\u00e7\u00e3o, lan\u00e7amento e cobran\u00e7a. Segundo o Minist\u00e9rio da Economia, a expectativa \u00e9 que a nova plataforma permita o acompanhamento virtual das contribui\u00e7\u00f5es pelas empresas, por meio do sistema digital de informa\u00e7\u00f5es trabalhistas e previdenci\u00e1rias em desenvolvimento pelo governo federal.<\/p>\n\n\n\n<p>Segundo o diretor, essa possibilidade traz competi\u00e7\u00e3o ao sistema financeiro, ao permitir que qualquer institui\u00e7\u00e3o participante do Pix possa efetivar o pagamento do FGTS ou da contribui\u00e7\u00e3o social, sem a necessidade de estabelecimento de conv\u00eanios bilaterais.<\/p>\n\n\n\n<p>De acordo com o&nbsp;chefe da Divis\u00e3o de Fiscaliza\u00e7\u00e3o do FGTS da Subsecretaria da Inspe\u00e7\u00e3o do Trabalho, Audifax Franca Filho, o pagamento pelo Pix vai reduzir os custos para as empresas, que em 2019, emitiram 70 milh\u00f5es de guias de recolhimento. \u201c\u00c9 certo, oportuno e um dos alvos do nosso projeto de impacto na redu\u00e7\u00e3o de custo. Os custos estariam diretamente associados, em princ\u00edpio, \u00e0s tarifas de arrecada\u00e7\u00e3o\u201d, disse.<\/p>\n\n\n\n<p>Edi\u00e7\u00e3o: Aline Leal <\/p>\n\n\n\n<p><\/p>\n","protected":false},"excerpt":{"rendered":"<p>A nova possibilidade poder\u00e1 ser usada em 2021 Por Kelly Oliveira \u2013 Rep\u00f3rter da Ag\u00eancia<\/p>\n","protected":false},"author":2,"featured_media":3568,"comment_status":"open","ping_status":"open","sticky":false,"template":"","format":"standard","meta":{"footnotes":""},"categories":[18],"tags":[],"class_list":["post-3567","post","type-post","status-publish","format-standard","has-post-thumbnail","hentry","category-economia"],"_links":{"self":[{"href":"https:\/\/tvc16.com\/portal\/wp-json\/wp\/v2\/posts\/3567","targetHints":{"allow":["GET"]}}],"collection":[{"href":"https:\/\/tvc16.com\/portal\/wp-json\/wp\/v2\/posts"}],"about":[{"href":"https:\/\/tvc16.com\/portal\/wp-json\/wp\/v2\/types\/post"}],"author":[{"embeddable":true,"href":"https:\/\/tvc16.com\/portal\/wp-json\/wp\/v2\/users\/2"}],"replies":[{"embeddable":true,"href":"https:\/\/tvc16.com\/portal\/wp-json\/wp\/v2\/comments?post=3567"}],"version-history":[{"count":1,"href":"https:\/\/tvc16.com\/portal\/wp-json\/wp\/v2\/posts\/3567\/revisions"}],"predecessor-version":[{"id":3569,"href":"https:\/\/tvc16.com\/portal\/wp-json\/wp\/v2\/posts\/3567\/revisions\/3569"}],"wp:featuredmedia":[{"embeddable":true,"href":"https:\/\/tvc16.com\/portal\/wp-json\/wp\/v2\/media\/3568"}],"wp:attachment":[{"href":"https:\/\/tvc16.com\/portal\/wp-json\/wp\/v2\/media?parent=3567"}],"wp:term":[{"taxonomy":"category","embeddable":true,"href":"https:\/\/tvc16.com\/portal\/wp-json\/wp\/v2\/categories?post=3567"},{"taxonomy":"post_tag","embeddable":true,"href":"https:\/\/tvc16.com\/portal\/wp-json\/wp\/v2\/tags?post=3567"}],"curies":[{"name":"wp","href":"https:\/\/api.w.org\/{rel}","templated":true}]}}